{"id":185,"date":"2014-09-29T10:47:18","date_gmt":"2014-09-29T10:47:18","guid":{"rendered":"http:\/\/www.moderne-kueche.com\/magazin\/?p=185"},"modified":"2015-04-14T11:07:55","modified_gmt":"2015-04-14T11:07:55","slug":"was-wird-aus-siemens-haushaltsgeraeten","status":"publish","type":"post","link":"https:\/\/www.moderne-kueche.com\/magazin\/was-wird-aus-siemens-haushaltsgeraeten\/","title":{"rendered":"Was wird aus den Haushaltsger\u00e4ten von Siemens?"},"content":{"rendered":"<p>BSH gibt Entwarnung. Auf Nachfrage von Moderne-Kueche.com versicherte das Unternehmen, dass sowohl der Kundenservice f\u00fcr Siemens Altger\u00e4te als auch das Produktprogramm f\u00fcr Neuger\u00e4te unver\u00e4ndert fortgef\u00fchrt wird. Das Versprechen &#8222;Wer sich f\u00fcr Siemens entscheidet, sichert sich die Unterst\u00fctzung eines kompetenten Serviceteams: ein Ger\u00e4teleben lang&#8220; gelte weiterhin. Der Siemens Kundendienst bleibe in der jetzigen Form erhalten und es werde keinerlei \u00c4nderungen hinsichtlich Ansprechpartnern oder Serviceumfang geben. Garantieanspr\u00fcche sind weiterhin an die an die entsprechenden Stellen zu richten, und eine Garantieverl\u00e4ngerung um 3 Jahre ist weiterhin m\u00f6glich. Auch am Nachkaufservice f\u00fcr Original-Ersatzteile von Siemens (Teilegarantie gilt f\u00fcr rund 10 Jahre) soll sich nichts \u00e4ndern.<\/p>\n<p>Dass bei Siemens Haushaltsger\u00e4ten alles beim Alten bleiben soll, trotz des Ausstiegs von Siemens selbst, liegt an der Firmenstruktur von BSH. Die Bosch und Siemens Hausger\u00e4te GmbH ist seit 1967 ein eigenst\u00e4ndiges Unternehmen, das f\u00fcr Endkunden bislang nie gr\u00f6\u00dfer in Erscheinung getreten ist hinter den Ger\u00e4temarken Bosch und Siemens. Eigene Entwicklungs- und Marketingabteilungen arbeiten seit jeher getrennt voneinander an neuen Ger\u00e4tegenerationen. Beide Marken sollen ihre Eigenst\u00e4ndigkeit auch in Zukunft behalten, was die Technik und das Design der Ger\u00e4te betrifft. Siemens Hausger\u00e4te werden nach wie vor weiterentwickelt (so <a title=\"Die iQ700 Serie stellte Siemens auf der IFA 2014 neu vor.\" href=\"http:\/\/www.moderne-kueche.com\/magazin\/dunstabzuege-avancieren-zu-designobjekten\/\">zeigte Siemens auf der IFA<\/a> u.a die neu iQ700 Serie) und das Produktsortiment soll im bestehenden Umfang weitergef\u00fchrt werden, so die Aussage von BSH.<\/p>\n<p>Dass Siemens Haushaltsger\u00e4te mittel- bis langfrisitig vom Markt verschwinden k\u00f6nnten scheint also unbegr\u00fcndet. &#8222;Die Marke Siemens bleibt wichtiger Bestandteil unserer erfolgreichen Mehrmarken-Stratgie&#8220;, sagt Johanna Janusch, Pressereferentin bei BSH. Die vor einiger Zeit ausgegebene, langfristige Wachstumsstrategie (BSH ist der drittgr\u00f6\u00dfte Hausger\u00e4te Hersteller weltweit) setzt u.a. in Hinblick auf den asiatischen Markt auf Siemens Ger\u00e4te, die dort ein hohes Ansehen genie\u00dfen. Langfristig gehe es nicht ohne die Marke Siemens, sie werde eine wichtige St\u00fctze bleiben.<\/p>\n","protected":false},"excerpt":{"rendered":"<p>In der vergangenen Woche wurde bekannt, dass sich Siemens aus der Produktion von Haushalts- und K\u00fcchenger\u00e4ten zur\u00fcckziehen wird. Bosch wird das bis dato gemeinsam gef\u00fchrte Unternehmen, die Bosch und Siemens Hausger\u00e4te GmbH (BSH), als alleiniger Eigent\u00fcmer weiterf\u00fchren. Was bedeutet das f\u00fcr die Marke Siemens? Muss man sich Sorgen machen um die Garantieanspr\u00fcche seiner Siemens K\u00fcchenger\u00e4te? Was wird aus dem Kundendienst? Und wird es Haushaltsger\u00e4te von Siemens in einigen Jahren noch zu kaufen geben? Wir haben nachgefragt.<\/p>\n","protected":false},"author":3,"featured_media":653,"comment_status":"open","ping_status":"open","sticky":false,"template":"","format":"standard","meta":{"footnotes":""},"categories":[5],"tags":[72,8,68,65,70,71,69],"class_list":["post-185","post","type-post","status-publish","format-standard","has-post-thumbnail","hentry","category-news","tag-bosch","tag-featured","tag-haushaltsgeraete","tag-siemens","tag-unternehmen","tag-unterstuetzung","tag-zukunft"],"yoast_head":"<!-- This site is optimized with the Yoast SEO plugin v26.8 - https:\/\/yoast.com\/product\/yoast-seo-wordpress\/ -->\n<title>Was wird aus den Haushaltsger\u00e4ten von Siemens? | Moderne-K\u00fcche Magazin<\/title>\n<meta name=\"robots\" content=\"index, follow, max-snippet:-1, max-image-preview:large, max-video-preview:-1\" \/>\n<link rel=\"canonical\" href=\"https:\/\/www.moderne-kueche.com\/magazin\/was-wird-aus-siemens-haushaltsgeraeten\/\" \/>\n<meta property=\"og:locale\" content=\"de_DE\" \/>\n<meta property=\"og:type\" content=\"article\" \/>\n<meta property=\"og:title\" content=\"Was wird aus den Haushaltsger\u00e4ten von Siemens? | Moderne-K\u00fcche Magazin\" \/>\n<meta property=\"og:description\" content=\"In der vergangenen Woche wurde bekannt, dass sich Siemens aus der Produktion von Haushalts- und K\u00fcchenger\u00e4ten zur\u00fcckziehen wird. Bosch wird das bis dato gemeinsam gef\u00fchrte Unternehmen, die Bosch und Siemens Hausger\u00e4te GmbH (BSH), als alleiniger Eigent\u00fcmer weiterf\u00fchren. Was bedeutet das f\u00fcr die Marke Siemens? Muss man sich Sorgen machen um die Garantieanspr\u00fcche seiner Siemens K\u00fcchenger\u00e4te? Was wird aus dem Kundendienst? Und wird es Haushaltsger\u00e4te von Siemens in einigen Jahren noch zu kaufen geben? Wir haben nachgefragt.\" \/>\n<meta property=\"og:url\" content=\"https:\/\/www.moderne-kueche.com\/magazin\/was-wird-aus-siemens-haushaltsgeraeten\/\" \/>\n<meta property=\"og:site_name\" content=\"Moderne-K\u00fcche Magazin\" \/>\n<meta property=\"article:published_time\" content=\"2014-09-29T10:47:18+00:00\" \/>\n<meta property=\"article:modified_time\" content=\"2015-04-14T11:07:55+00:00\" \/>\n<meta property=\"og:image\" content=\"https:\/\/www.moderne-kueche.com\/magazin\/wp-content\/uploads\/2015\/02\/firmenzentrale-bsh-muenchen.jpg\" \/>\n\t<meta property=\"og:image:width\" content=\"1200\" \/>\n\t<meta property=\"og:image:height\" content=\"798\" \/>\n\t<meta property=\"og:image:type\" content=\"image\/jpeg\" \/>\n<meta name=\"author\" content=\"Christian\" \/>\n<meta name=\"twitter:card\" content=\"summary_large_image\" \/>\n<meta name=\"twitter:label1\" content=\"Verfasst von\" \/>\n\t<meta name=\"twitter:data1\" content=\"Christian\" \/>\n\t<meta name=\"twitter:label2\" content=\"Gesch\u00e4tzte Lesezeit\" \/>\n\t<meta name=\"twitter:data2\" content=\"2\u00a0Minuten\" \/>\n<script type=\"application\/ld+json\" class=\"yoast-schema-graph\">{\"@context\":\"https:\/\/schema.org\",\"@graph\":[{\"@type\":\"Article\",\"@id\":\"https:\/\/www.moderne-kueche.com\/magazin\/was-wird-aus-siemens-haushaltsgeraeten\/#article\",\"isPartOf\":{\"@id\":\"https:\/\/www.moderne-kueche.com\/magazin\/was-wird-aus-siemens-haushaltsgeraeten\/\"},\"author\":{\"name\":\"Christian\",\"@id\":\"https:\/\/www.moderne-kueche.com\/magazin\/#\/schema\/person\/3a7fa3802844d9b94e22be56b1152e68\"},\"headline\":\"Was wird aus den Haushaltsger\u00e4ten von Siemens?\",\"datePublished\":\"2014-09-29T10:47:18+00:00\",\"dateModified\":\"2015-04-14T11:07:55+00:00\",\"mainEntityOfPage\":{\"@id\":\"https:\/\/www.moderne-kueche.com\/magazin\/was-wird-aus-siemens-haushaltsgeraeten\/\"},\"wordCount\":326,\"commentCount\":1,\"image\":{\"@id\":\"https:\/\/www.moderne-kueche.com\/magazin\/was-wird-aus-siemens-haushaltsgeraeten\/#primaryimage\"},\"thumbnailUrl\":\"https:\/\/www.moderne-kueche.com\/magazin\/wp-content\/uploads\/2015\/02\/firmenzentrale-bsh-muenchen.jpg\",\"keywords\":[\"Bosch\",\"featured\",\"Haushaltsger\u00e4te\",\"Siemens\",\"Unternehmen\",\"Unterst\u00fctzung\",\"Zukunft\"],\"articleSection\":[\"News\"],\"inLanguage\":\"de\",\"potentialAction\":[{\"@type\":\"CommentAction\",\"name\":\"Comment\",\"target\":[\"https:\/\/www.moderne-kueche.com\/magazin\/was-wird-aus-siemens-haushaltsgeraeten\/#respond\"]}]},{\"@type\":\"WebPage\",\"@id\":\"https:\/\/www.moderne-kueche.com\/magazin\/was-wird-aus-siemens-haushaltsgeraeten\/\",\"url\":\"https:\/\/www.moderne-kueche.com\/magazin\/was-wird-aus-siemens-haushaltsgeraeten\/\",\"name\":\"Was wird aus den Haushaltsger\u00e4ten von Siemens? | Moderne-K\u00fcche Magazin\",\"isPartOf\":{\"@id\":\"https:\/\/www.moderne-kueche.com\/magazin\/#website\"},\"primaryImageOfPage\":{\"@id\":\"https:\/\/www.moderne-kueche.com\/magazin\/was-wird-aus-siemens-haushaltsgeraeten\/#primaryimage\"},\"image\":{\"@id\":\"https:\/\/www.moderne-kueche.com\/magazin\/was-wird-aus-siemens-haushaltsgeraeten\/#primaryimage\"},\"thumbnailUrl\":\"https:\/\/www.moderne-kueche.com\/magazin\/wp-content\/uploads\/2015\/02\/firmenzentrale-bsh-muenchen.jpg\",\"datePublished\":\"2014-09-29T10:47:18+00:00\",\"dateModified\":\"2015-04-14T11:07:55+00:00\",\"author\":{\"@id\":\"https:\/\/www.moderne-kueche.com\/magazin\/#\/schema\/person\/3a7fa3802844d9b94e22be56b1152e68\"},\"breadcrumb\":{\"@id\":\"https:\/\/www.moderne-kueche.com\/magazin\/was-wird-aus-siemens-haushaltsgeraeten\/#breadcrumb\"},\"inLanguage\":\"de\",\"potentialAction\":[{\"@type\":\"ReadAction\",\"target\":[\"https:\/\/www.moderne-kueche.com\/magazin\/was-wird-aus-siemens-haushaltsgeraeten\/\"]}]},{\"@type\":\"ImageObject\",\"inLanguage\":\"de\",\"@id\":\"https:\/\/www.moderne-kueche.com\/magazin\/was-wird-aus-siemens-haushaltsgeraeten\/#primaryimage\",\"url\":\"https:\/\/www.moderne-kueche.com\/magazin\/wp-content\/uploads\/2015\/02\/firmenzentrale-bsh-muenchen.jpg\",\"contentUrl\":\"https:\/\/www.moderne-kueche.com\/magazin\/wp-content\/uploads\/2015\/02\/firmenzentrale-bsh-muenchen.jpg\",\"width\":1200,\"height\":798,\"caption\":\"\u00a9 BSH Bosch und Siemens Hausger\u00e4te GmbH\"},{\"@type\":\"BreadcrumbList\",\"@id\":\"https:\/\/www.moderne-kueche.com\/magazin\/was-wird-aus-siemens-haushaltsgeraeten\/#breadcrumb\",\"itemListElement\":[{\"@type\":\"ListItem\",\"position\":1,\"name\":\"Startseite\",\"item\":\"https:\/\/www.moderne-kueche.com\/magazin\/\"},{\"@type\":\"ListItem\",\"position\":2,\"name\":\"Was wird aus den Haushaltsger\u00e4ten von Siemens?\"}]},{\"@type\":\"WebSite\",\"@id\":\"https:\/\/www.moderne-kueche.com\/magazin\/#website\",\"url\":\"https:\/\/www.moderne-kueche.com\/magazin\/\",\"name\":\"Moderne-K\u00fcche Magazin\",\"description\":\"\",\"potentialAction\":[{\"@type\":\"SearchAction\",\"target\":{\"@type\":\"EntryPoint\",\"urlTemplate\":\"https:\/\/www.moderne-kueche.com\/magazin\/?s={search_term_string}\"},\"query-input\":{\"@type\":\"PropertyValueSpecification\",\"valueRequired\":true,\"valueName\":\"search_term_string\"}}],\"inLanguage\":\"de\"},{\"@type\":\"Person\",\"@id\":\"https:\/\/www.moderne-kueche.com\/magazin\/#\/schema\/person\/3a7fa3802844d9b94e22be56b1152e68\",\"name\":\"Christian\",\"description\":\"Christian betreut redaktionell unsere Hauptseite von Moderne-Kueche.com. Privat hat er sein K\u00fcchengl\u00fcck noch nicht gefunden und wohnt momentan mit einer Standard-Single-K\u00fcchenzeile unter einem Dach. Mehr von Christian auch auf Google+\",\"sameAs\":[\"http:\/\/www.moderne-kueche.com\"]}]}<\/script>\n<!-- \/ Yoast SEO plugin. -->","yoast_head_json":{"title":"Was wird aus den Haushaltsger\u00e4ten von Siemens? | Moderne-K\u00fcche Magazin","robots":{"index":"index","follow":"follow","max-snippet":"max-snippet:-1","max-image-preview":"max-image-preview:large","max-video-preview":"max-video-preview:-1"},"canonical":"https:\/\/www.moderne-kueche.com\/magazin\/was-wird-aus-siemens-haushaltsgeraeten\/","og_locale":"de_DE","og_type":"article","og_title":"Was wird aus den Haushaltsger\u00e4ten von Siemens? | Moderne-K\u00fcche Magazin","og_description":"In der vergangenen Woche wurde bekannt, dass sich Siemens aus der Produktion von Haushalts- und K\u00fcchenger\u00e4ten zur\u00fcckziehen wird. Bosch wird das bis dato gemeinsam gef\u00fchrte Unternehmen, die Bosch und Siemens Hausger\u00e4te GmbH (BSH), als alleiniger Eigent\u00fcmer weiterf\u00fchren. Was bedeutet das f\u00fcr die Marke Siemens? Muss man sich Sorgen machen um die Garantieanspr\u00fcche seiner Siemens K\u00fcchenger\u00e4te? Was wird aus dem Kundendienst? Und wird es Haushaltsger\u00e4te von Siemens in einigen Jahren noch zu kaufen geben? Wir haben nachgefragt.","og_url":"https:\/\/www.moderne-kueche.com\/magazin\/was-wird-aus-siemens-haushaltsgeraeten\/","og_site_name":"Moderne-K\u00fcche Magazin","article_published_time":"2014-09-29T10:47:18+00:00","article_modified_time":"2015-04-14T11:07:55+00:00","og_image":[{"width":1200,"height":798,"url":"https:\/\/www.moderne-kueche.com\/magazin\/wp-content\/uploads\/2015\/02\/firmenzentrale-bsh-muenchen.jpg","type":"image\/jpeg"}],"author":"Christian","twitter_card":"summary_large_image","twitter_misc":{"Verfasst von":"Christian","Gesch\u00e4tzte Lesezeit":"2\u00a0Minuten"},"schema":{"@context":"https:\/\/schema.org","@graph":[{"@type":"Article","@id":"https:\/\/www.moderne-kueche.com\/magazin\/was-wird-aus-siemens-haushaltsgeraeten\/#article","isPartOf":{"@id":"https:\/\/www.moderne-kueche.com\/magazin\/was-wird-aus-siemens-haushaltsgeraeten\/"},"author":{"name":"Christian","@id":"https:\/\/www.moderne-kueche.com\/magazin\/#\/schema\/person\/3a7fa3802844d9b94e22be56b1152e68"},"headline":"Was wird aus den Haushaltsger\u00e4ten von Siemens?","datePublished":"2014-09-29T10:47:18+00:00","dateModified":"2015-04-14T11:07:55+00:00","mainEntityOfPage":{"@id":"https:\/\/www.moderne-kueche.com\/magazin\/was-wird-aus-siemens-haushaltsgeraeten\/"},"wordCount":326,"commentCount":1,"image":{"@id":"https:\/\/www.moderne-kueche.com\/magazin\/was-wird-aus-siemens-haushaltsgeraeten\/#primaryimage"},"thumbnailUrl":"https:\/\/www.moderne-kueche.com\/magazin\/wp-content\/uploads\/2015\/02\/firmenzentrale-bsh-muenchen.jpg","keywords":["Bosch","featured","Haushaltsger\u00e4te","Siemens","Unternehmen","Unterst\u00fctzung","Zukunft"],"articleSection":["News"],"inLanguage":"de","potentialAction":[{"@type":"CommentAction","name":"Comment","target":["https:\/\/www.moderne-kueche.com\/magazin\/was-wird-aus-siemens-haushaltsgeraeten\/#respond"]}]},{"@type":"WebPage","@id":"https:\/\/www.moderne-kueche.com\/magazin\/was-wird-aus-siemens-haushaltsgeraeten\/","url":"https:\/\/www.moderne-kueche.com\/magazin\/was-wird-aus-siemens-haushaltsgeraeten\/","name":"Was wird aus den Haushaltsger\u00e4ten von Siemens? | Moderne-K\u00fcche Magazin","isPartOf":{"@id":"https:\/\/www.moderne-kueche.com\/magazin\/#website"},"primaryImageOfPage":{"@id":"https:\/\/www.moderne-kueche.com\/magazin\/was-wird-aus-siemens-haushaltsgeraeten\/#primaryimage"},"image":{"@id":"https:\/\/www.moderne-kueche.com\/magazin\/was-wird-aus-siemens-haushaltsgeraeten\/#primaryimage"},"thumbnailUrl":"https:\/\/www.moderne-kueche.com\/magazin\/wp-content\/uploads\/2015\/02\/firmenzentrale-bsh-muenchen.jpg","datePublished":"2014-09-29T10:47:18+00:00","dateModified":"2015-04-14T11:07:55+00:00","author":{"@id":"https:\/\/www.moderne-kueche.com\/magazin\/#\/schema\/person\/3a7fa3802844d9b94e22be56b1152e68"},"breadcrumb":{"@id":"https:\/\/www.moderne-kueche.com\/magazin\/was-wird-aus-siemens-haushaltsgeraeten\/#breadcrumb"},"inLanguage":"de","potentialAction":[{"@type":"ReadAction","target":["https:\/\/www.moderne-kueche.com\/magazin\/was-wird-aus-siemens-haushaltsgeraeten\/"]}]},{"@type":"ImageObject","inLanguage":"de","@id":"https:\/\/www.moderne-kueche.com\/magazin\/was-wird-aus-siemens-haushaltsgeraeten\/#primaryimage","url":"https:\/\/www.moderne-kueche.com\/magazin\/wp-content\/uploads\/2015\/02\/firmenzentrale-bsh-muenchen.jpg","contentUrl":"https:\/\/www.moderne-kueche.com\/magazin\/wp-content\/uploads\/2015\/02\/firmenzentrale-bsh-muenchen.jpg","width":1200,"height":798,"caption":"\u00a9 BSH Bosch und Siemens Hausger\u00e4te GmbH"},{"@type":"BreadcrumbList","@id":"https:\/\/www.moderne-kueche.com\/magazin\/was-wird-aus-siemens-haushaltsgeraeten\/#breadcrumb","itemListElement":[{"@type":"ListItem","position":1,"name":"Startseite","item":"https:\/\/www.moderne-kueche.com\/magazin\/"},{"@type":"ListItem","position":2,"name":"Was wird aus den Haushaltsger\u00e4ten von Siemens?"}]},{"@type":"WebSite","@id":"https:\/\/www.moderne-kueche.com\/magazin\/#website","url":"https:\/\/www.moderne-kueche.com\/magazin\/","name":"Moderne-K\u00fcche Magazin","description":"","potentialAction":[{"@type":"SearchAction","target":{"@type":"EntryPoint","urlTemplate":"https:\/\/www.moderne-kueche.com\/magazin\/?s={search_term_string}"},"query-input":{"@type":"PropertyValueSpecification","valueRequired":true,"valueName":"search_term_string"}}],"inLanguage":"de"},{"@type":"Person","@id":"https:\/\/www.moderne-kueche.com\/magazin\/#\/schema\/person\/3a7fa3802844d9b94e22be56b1152e68","name":"Christian","description":"Christian betreut redaktionell unsere Hauptseite von Moderne-Kueche.com. Privat hat er sein K\u00fcchengl\u00fcck noch nicht gefunden und wohnt momentan mit einer Standard-Single-K\u00fcchenzeile unter einem Dach. Mehr von Christian auch auf Google+","sameAs":["http:\/\/www.moderne-kueche.com"]}]}},"_links":{"self":[{"href":"https:\/\/www.moderne-kueche.com\/magazin\/wp-json\/wp\/v2\/posts\/185","targetHints":{"allow":["GET"]}}],"collection":[{"href":"https:\/\/www.moderne-kueche.com\/magazin\/wp-json\/wp\/v2\/posts"}],"about":[{"href":"https:\/\/www.moderne-kueche.com\/magazin\/wp-json\/wp\/v2\/types\/post"}],"author":[{"embeddable":true,"href":"https:\/\/www.moderne-kueche.com\/magazin\/wp-json\/wp\/v2\/users\/3"}],"replies":[{"embeddable":true,"href":"https:\/\/www.moderne-kueche.com\/magazin\/wp-json\/wp\/v2\/comments?post=185"}],"version-history":[{"count":25,"href":"https:\/\/www.moderne-kueche.com\/magazin\/wp-json\/wp\/v2\/posts\/185\/revisions"}],"predecessor-version":[{"id":654,"href":"https:\/\/www.moderne-kueche.com\/magazin\/wp-json\/wp\/v2\/posts\/185\/revisions\/654"}],"wp:featuredmedia":[{"embeddable":true,"href":"https:\/\/www.moderne-kueche.com\/magazin\/wp-json\/wp\/v2\/media\/653"}],"wp:attachment":[{"href":"https:\/\/www.moderne-kueche.com\/magazin\/wp-json\/wp\/v2\/media?parent=185"}],"wp:term":[{"taxonomy":"category","embeddable":true,"href":"https:\/\/www.moderne-kueche.com\/magazin\/wp-json\/wp\/v2\/categories?post=185"},{"taxonomy":"post_tag","embeddable":true,"href":"https:\/\/www.moderne-kueche.com\/magazin\/wp-json\/wp\/v2\/tags?post=185"}],"curies":[{"name":"wp","href":"https:\/\/api.w.org\/{rel}","templated":true}]}}