{"id":729,"date":"2015-04-20T13:07:31","date_gmt":"2015-04-20T13:07:31","guid":{"rendered":"http:\/\/www.moderne-kueche.com\/magazin\/?p=729"},"modified":"2015-04-20T14:04:30","modified_gmt":"2015-04-20T14:04:30","slug":"nils-egtermeyer-ueber-kuechen-musthaves-und-ernaehrung","status":"publish","type":"post","link":"https:\/\/www.moderne-kueche.com\/magazin\/nils-egtermeyer-ueber-kuechen-musthaves-und-ernaehrung\/","title":{"rendered":"Nils Egtermeyer \u00fcber K\u00fcchen-Must-have&#8217;s und Ern\u00e4hrung"},"content":{"rendered":"<p><strong>Nils, was sollte man aus deiner Sicht bei der Planung der eigenen K\u00fcche unbedingt beachten?<\/strong><\/p>\n<p><em>&#8222;Eine ganz wichtige Entscheidung ist die Art des Kochens. M\u00f6chte ich mit <a href=\"http:\/\/www.moderne-kueche.com\/kuechengeraete\/kochfeld\/gaskochfeld\">Gas<\/a>, mit <a href=\"http:\/\/www.moderne-kueche.com\/kuechengeraete\/kochfeld\/induktionskochfeld\">Induktion<\/a> oder einem <a href=\"http:\/\/www.moderne-kueche.com\/kuechengeraete\/kochfeld\/ceranfeld\">Cerankochfeld<\/a> kochen? Eine wohl\u00fcberlegte Entscheidung hinsichtlich der Methode bestimmt ja schlie\u00dflich den Kochalltag in den n\u00e4chsten Jahren!<\/em><br \/>\n<em> Eine gute Dunstabzugshaube ist ebenfalls das A und O. Viele entstehende Ger\u00fcche hindern daran, bestimmte Lebensmittel zu verarbeiten. Das l\u00e4sst sich durch eine starke Dunstabzugshaube ganz einfach verhindern. Da sollte man also nicht sparen, sondern sich gut informieren.<\/em><br \/>\n<em> Auch eine gro\u00dfz\u00fcgige Arbeitsfl\u00e4che ist immer sehr notwendig und sollte mit eingeplant werden, dazu geh\u00f6rt auch die <a href=\"http:\/\/www.moderne-kueche.com\/kueche\/kuechenplanung\/arbeitshoehe\">H\u00f6he der Arbeitsfl\u00e4che<\/a>. Der Spa\u00df am Kochen geht sofort verloren, wenn man bei der Verarbeitung von Lebensmitteln R\u00fcckenschmerzen bekommt.&#8220;<\/em><\/p>\n<div id=\"attachment_738\" style=\"width: 737px\" class=\"wp-caption alignleft\"><a href=\"http:\/\/www.moderne-kueche.com\/magazin\/wp-content\/uploads\/2015\/04\/image1.jpg\"><img loading=\"lazy\" decoding=\"async\" aria-describedby=\"caption-attachment-738\" class=\" wp-image-738\" src=\"http:\/\/www.moderne-kueche.com\/magazin\/wp-content\/uploads\/2015\/04\/image1.jpg\" alt=\"Quelle: Nils Egtermeyer\" width=\"727\" height=\"409\" srcset=\"https:\/\/www.moderne-kueche.com\/magazin\/wp-content\/uploads\/2015\/04\/image1.jpg 960w, https:\/\/www.moderne-kueche.com\/magazin\/wp-content\/uploads\/2015\/04\/image1-300x169.jpg 300w\" sizes=\"auto, (max-width: 727px) 100vw, 727px\" \/><\/a><p id=\"caption-attachment-738\" class=\"wp-caption-text\">Quelle: Nils Egtermeyer<\/p><\/div>\n<p><strong>Welches K\u00fcchenutensiel sollte in keiner K\u00fcche fehlen?<\/strong><\/p>\n<p><em>&#8222;In unserem Restaurant verwenden wir t\u00e4glich einen Thermomix, der f\u00fcr viele Gerichte sehr wichtig ist. Das ist jedoch immer eine Frage der Investition und des eigenen Nutzens. Privat ist jedoch das Wichtigste, dass man hochwertige und scharfe Messer hat. Denn der Spa\u00df am Kochen entsteht erst dann, wenn man die Zutaten einfach verarbeiten kann und nicht beim Schneiden zerst\u00f6rt. 2 bis 3 gute Messer sollten in jeder K\u00fcche unbedingt vorhanden sein.&#8220;<\/em><\/p>\n<p><span style=\"text-decoration: underline;\">Nils Egtermeyer kann in der K\u00fcche also gut auf viele technische Highlights verzichten. Aber ist das im Bezug auf Lebensmittel auch so einfach?<\/span><\/p>\n<p><strong>Nils, welche Meinung hast du zum Thema vegetarische\/vegane Ern\u00e4hrung aus der Sicht eines Kochs? Findest du es eher schwierig oder siehst du den Verzicht auf bestimmte Lebensmittel als Herausforderung?<\/strong><\/p>\n<p><em>&#8222;Die vegane Ern\u00e4hrung ist f\u00fcr mich als Koch sehr schwierig, da es mir sehr schwer f\u00e4llt auf Milchprodukte in meiner K\u00fcche zu verzichten.\u00a0 Das Statement der Vegetarier, auf Fleisch und Fisch zu verzichten, unterst\u00fctze und bef\u00fcrworte ich sehr.\u00a0 F\u00fcr mich liegt der richtige Umgang mit Lebensmitteln aber irgendwo zwischen dem Verzicht und dem unertr\u00e4glichen Massenkonsum von Fleisch. Den weltweit t\u00e4glichen Verzehr von Fleisch finde ich nicht richtig. Damit f\u00f6rdert man die Massentierhaltung und den Preiskampf der Discounter, der den Tieren nicht w\u00fcrdig ist. Da muss ein Bewusstsein f\u00fcr geschaffen werden.<\/em><br \/>\n<em> F\u00fcr mich besteht eine ausgewogene Ern\u00e4hrung aus einem Gericht mit Fleisch und einem Gericht mit Fisch pro Woche \u2013 alle anderen Gerichte sollten vegetarisch sein. Denn dann kann man beim Kauf von Fleisch auch auf nachhaltige Qualit\u00e4t achten. Getreu nach dem Motto \u201eWeniger ist mehr!\u201c Denn so bekommt man auch wieder Spa\u00df beim Essen.&#8220;<\/em><\/p>\n<p><strong>Magst du uns ein vegetarisches und ein veganes Lieblingsrezept verraten?<\/strong><\/p>\n<p>&nbsp;<\/p>\n<div id=\"attachment_731\" style=\"width: 445px\" class=\"wp-caption alignleft\"><a href=\"http:\/\/www.moderne-kueche.com\/magazin\/wp-content\/uploads\/2015\/04\/Fotolia_62513634_XS.jpg\"><img loading=\"lazy\" decoding=\"async\" aria-describedby=\"caption-attachment-731\" class=\" wp-image-731\" src=\"http:\/\/www.moderne-kueche.com\/magazin\/wp-content\/uploads\/2015\/04\/Fotolia_62513634_XS.jpg\" alt=\"\u00a9 Boris Ryzhkov - Fotolia.com\" width=\"435\" height=\"291\" srcset=\"https:\/\/www.moderne-kueche.com\/magazin\/wp-content\/uploads\/2015\/04\/Fotolia_62513634_XS.jpg 424w, https:\/\/www.moderne-kueche.com\/magazin\/wp-content\/uploads\/2015\/04\/Fotolia_62513634_XS-300x200.jpg 300w\" sizes=\"auto, (max-width: 435px) 100vw, 435px\" \/><\/a><p id=\"caption-attachment-731\" class=\"wp-caption-text\">\u00a9 Boris Ryzhkov &#8211; Fotolia.com<\/p><\/div>\n<p><em>&#8222;Ich pers\u00f6nlich bin Fan von einfachen Rezepten mit guten Zutaten. B\u00fcffelmozzarella mit gegrilltem Spargel\u00a0 und reifen Tomaten mit hochwertigem Oliven\u00f6l und Ciabatta \u2013 das schmeckt wirklich gro\u00dfartig!<\/em><\/p>\n<p><em>Vegane Rezepte sind aus meiner Sicht schwieriger, da Milchprodukte viel Geschmack mitsichbringen. Ich bewundere daher diejenigen, die sich damit sehr intensiv auseinander setzen: Meine leckere Empfehlung ist eine Aubergine mit Quinoa gef\u00fcllt und einem guten, selbstgemachten Pesto.&#8220;<\/em><\/p>\n<p>&nbsp;<\/p>\n","protected":false},"excerpt":{"rendered":"<p>W\u00e4hrend eines kurzen Interviews verriet uns der Fernsehkoch Nils Egtermeyer seine pers\u00f6nlichen Musthave&#8217;s in der K\u00fcche, die bei der Planung und im Alltag nicht fehlen d\u00fcrfen. Und weil er als Koch nat\u00fcrlich Experte f\u00fcr die Arbeit in einer K\u00fcche ist, verriet er uns im Anschluss, was es f\u00fcr ihn bedeutet auf bestimmte Lebensmittel zu verzichten und was er dann am liebsten zubereitet. Nachkochen erw\u00fcnscht!<\/p>\n","protected":false},"author":4,"featured_media":745,"comment_status":"open","ping_status":"open","sticky":false,"template":"","format":"standard","meta":{"footnotes":""},"categories":[3,1,6],"tags":[79,8,78,24,33,76,77,80],"class_list":["post-729","post","type-post","status-publish","format-standard","has-post-thumbnail","hentry","category-ideen","category-planung","category-trends","tag-ernaehrung","tag-featured","tag-fernsehkoch","tag-interview","tag-kuechenplanung","tag-nils-egtermeyer","tag-profikoch","tag-veganismus"],"yoast_head":"<!-- This site is optimized with the Yoast SEO plugin v26.8 - https:\/\/yoast.com\/product\/yoast-seo-wordpress\/ -->\n<title>Nils Egtermeyer \u00fcber K\u00fcchen-Must-have&#039;s und Ern\u00e4hrung | Moderne-K\u00fcche Magazin<\/title>\n<meta name=\"robots\" content=\"index, follow, max-snippet:-1, max-image-preview:large, max-video-preview:-1\" \/>\n<link rel=\"canonical\" href=\"https:\/\/www.moderne-kueche.com\/magazin\/nils-egtermeyer-ueber-kuechen-musthaves-und-ernaehrung\/\" \/>\n<meta property=\"og:locale\" content=\"de_DE\" \/>\n<meta property=\"og:type\" content=\"article\" \/>\n<meta property=\"og:title\" content=\"Nils Egtermeyer \u00fcber K\u00fcchen-Must-have&#039;s und Ern\u00e4hrung | Moderne-K\u00fcche Magazin\" \/>\n<meta property=\"og:description\" content=\"W\u00e4hrend eines kurzen Interviews verriet uns der Fernsehkoch Nils Egtermeyer seine pers\u00f6nlichen Musthave&#039;s in der K\u00fcche, die bei der Planung und im Alltag nicht fehlen d\u00fcrfen. Und weil er als Koch nat\u00fcrlich Experte f\u00fcr die Arbeit in einer K\u00fcche ist, verriet er uns im Anschluss, was es f\u00fcr ihn bedeutet auf bestimmte Lebensmittel zu verzichten und was er dann am liebsten zubereitet. Nachkochen erw\u00fcnscht!\" \/>\n<meta property=\"og:url\" content=\"https:\/\/www.moderne-kueche.com\/magazin\/nils-egtermeyer-ueber-kuechen-musthaves-und-ernaehrung\/\" \/>\n<meta property=\"og:site_name\" content=\"Moderne-K\u00fcche Magazin\" \/>\n<meta property=\"article:published_time\" content=\"2015-04-20T13:07:31+00:00\" \/>\n<meta property=\"article:modified_time\" content=\"2015-04-20T14:04:30+00:00\" \/>\n<meta property=\"og:image\" content=\"https:\/\/www.moderne-kueche.com\/magazin\/wp-content\/uploads\/2015\/04\/interview-egtermeyer_fischgericht.jpg\" \/>\n\t<meta property=\"og:image:width\" content=\"1305\" \/>\n\t<meta property=\"og:image:height\" content=\"622\" \/>\n\t<meta property=\"og:image:type\" content=\"image\/jpeg\" \/>\n<meta name=\"author\" content=\"Annika\" \/>\n<meta name=\"twitter:card\" content=\"summary_large_image\" \/>\n<meta name=\"twitter:label1\" content=\"Verfasst von\" \/>\n\t<meta name=\"twitter:data1\" content=\"Annika\" \/>\n\t<meta name=\"twitter:label2\" content=\"Gesch\u00e4tzte Lesezeit\" \/>\n\t<meta name=\"twitter:data2\" content=\"3\u00a0Minuten\" \/>\n<script type=\"application\/ld+json\" class=\"yoast-schema-graph\">{\"@context\":\"https:\/\/schema.org\",\"@graph\":[{\"@type\":\"Article\",\"@id\":\"https:\/\/www.moderne-kueche.com\/magazin\/nils-egtermeyer-ueber-kuechen-musthaves-und-ernaehrung\/#article\",\"isPartOf\":{\"@id\":\"https:\/\/www.moderne-kueche.com\/magazin\/nils-egtermeyer-ueber-kuechen-musthaves-und-ernaehrung\/\"},\"author\":{\"name\":\"Annika\",\"@id\":\"https:\/\/www.moderne-kueche.com\/magazin\/#\/schema\/person\/6a5d09299400f99ac87f7a25b7bb78de\"},\"headline\":\"Nils Egtermeyer \u00fcber K\u00fcchen-Must-have&#8217;s und Ern\u00e4hrung\",\"datePublished\":\"2015-04-20T13:07:31+00:00\",\"dateModified\":\"2015-04-20T14:04:30+00:00\",\"mainEntityOfPage\":{\"@id\":\"https:\/\/www.moderne-kueche.com\/magazin\/nils-egtermeyer-ueber-kuechen-musthaves-und-ernaehrung\/\"},\"wordCount\":542,\"commentCount\":0,\"image\":{\"@id\":\"https:\/\/www.moderne-kueche.com\/magazin\/nils-egtermeyer-ueber-kuechen-musthaves-und-ernaehrung\/#primaryimage\"},\"thumbnailUrl\":\"https:\/\/www.moderne-kueche.com\/magazin\/wp-content\/uploads\/2015\/04\/interview-egtermeyer_fischgericht.jpg\",\"keywords\":[\"Ern\u00e4hrung\",\"featured\",\"Fernsehkoch\",\"Interview\",\"K\u00fcchenplanung\",\"Nils Egtermeyer\",\"Profikoch\",\"Veganismus\"],\"articleSection\":[\"Ideen\",\"Planung\",\"Trends\"],\"inLanguage\":\"de\",\"potentialAction\":[{\"@type\":\"CommentAction\",\"name\":\"Comment\",\"target\":[\"https:\/\/www.moderne-kueche.com\/magazin\/nils-egtermeyer-ueber-kuechen-musthaves-und-ernaehrung\/#respond\"]}]},{\"@type\":\"WebPage\",\"@id\":\"https:\/\/www.moderne-kueche.com\/magazin\/nils-egtermeyer-ueber-kuechen-musthaves-und-ernaehrung\/\",\"url\":\"https:\/\/www.moderne-kueche.com\/magazin\/nils-egtermeyer-ueber-kuechen-musthaves-und-ernaehrung\/\",\"name\":\"Nils Egtermeyer \u00fcber K\u00fcchen-Must-have's und Ern\u00e4hrung | Moderne-K\u00fcche Magazin\",\"isPartOf\":{\"@id\":\"https:\/\/www.moderne-kueche.com\/magazin\/#website\"},\"primaryImageOfPage\":{\"@id\":\"https:\/\/www.moderne-kueche.com\/magazin\/nils-egtermeyer-ueber-kuechen-musthaves-und-ernaehrung\/#primaryimage\"},\"image\":{\"@id\":\"https:\/\/www.moderne-kueche.com\/magazin\/nils-egtermeyer-ueber-kuechen-musthaves-und-ernaehrung\/#primaryimage\"},\"thumbnailUrl\":\"https:\/\/www.moderne-kueche.com\/magazin\/wp-content\/uploads\/2015\/04\/interview-egtermeyer_fischgericht.jpg\",\"datePublished\":\"2015-04-20T13:07:31+00:00\",\"dateModified\":\"2015-04-20T14:04:30+00:00\",\"author\":{\"@id\":\"https:\/\/www.moderne-kueche.com\/magazin\/#\/schema\/person\/6a5d09299400f99ac87f7a25b7bb78de\"},\"breadcrumb\":{\"@id\":\"https:\/\/www.moderne-kueche.com\/magazin\/nils-egtermeyer-ueber-kuechen-musthaves-und-ernaehrung\/#breadcrumb\"},\"inLanguage\":\"de\",\"potentialAction\":[{\"@type\":\"ReadAction\",\"target\":[\"https:\/\/www.moderne-kueche.com\/magazin\/nils-egtermeyer-ueber-kuechen-musthaves-und-ernaehrung\/\"]}]},{\"@type\":\"ImageObject\",\"inLanguage\":\"de\",\"@id\":\"https:\/\/www.moderne-kueche.com\/magazin\/nils-egtermeyer-ueber-kuechen-musthaves-und-ernaehrung\/#primaryimage\",\"url\":\"https:\/\/www.moderne-kueche.com\/magazin\/wp-content\/uploads\/2015\/04\/interview-egtermeyer_fischgericht.jpg\",\"contentUrl\":\"https:\/\/www.moderne-kueche.com\/magazin\/wp-content\/uploads\/2015\/04\/interview-egtermeyer_fischgericht.jpg\",\"width\":1305,\"height\":622,\"caption\":\"\u00a9 Natalia Klenova - Fotolia.com\"},{\"@type\":\"BreadcrumbList\",\"@id\":\"https:\/\/www.moderne-kueche.com\/magazin\/nils-egtermeyer-ueber-kuechen-musthaves-und-ernaehrung\/#breadcrumb\",\"itemListElement\":[{\"@type\":\"ListItem\",\"position\":1,\"name\":\"Startseite\",\"item\":\"https:\/\/www.moderne-kueche.com\/magazin\/\"},{\"@type\":\"ListItem\",\"position\":2,\"name\":\"Nils Egtermeyer \u00fcber K\u00fcchen-Must-have&#8217;s und Ern\u00e4hrung\"}]},{\"@type\":\"WebSite\",\"@id\":\"https:\/\/www.moderne-kueche.com\/magazin\/#website\",\"url\":\"https:\/\/www.moderne-kueche.com\/magazin\/\",\"name\":\"Moderne-K\u00fcche Magazin\",\"description\":\"\",\"potentialAction\":[{\"@type\":\"SearchAction\",\"target\":{\"@type\":\"EntryPoint\",\"urlTemplate\":\"https:\/\/www.moderne-kueche.com\/magazin\/?s={search_term_string}\"},\"query-input\":{\"@type\":\"PropertyValueSpecification\",\"valueRequired\":true,\"valueName\":\"search_term_string\"}}],\"inLanguage\":\"de\"},{\"@type\":\"Person\",\"@id\":\"https:\/\/www.moderne-kueche.com\/magazin\/#\/schema\/person\/6a5d09299400f99ac87f7a25b7bb78de\",\"name\":\"Annika\",\"description\":\"Redakteurin bei Moderne-Kueche.com - stolze Besitzerin einer IKEA-K\u00fcche. Sucht leidenschaftlich nach neuen, praktischen K\u00fcchenhelfern, Designhighlights und berichtet anhand eigener Erfahrungen.\"}]}<\/script>\n<!-- \/ Yoast SEO plugin. -->","yoast_head_json":{"title":"Nils Egtermeyer \u00fcber K\u00fcchen-Must-have's und Ern\u00e4hrung | Moderne-K\u00fcche Magazin","robots":{"index":"index","follow":"follow","max-snippet":"max-snippet:-1","max-image-preview":"max-image-preview:large","max-video-preview":"max-video-preview:-1"},"canonical":"https:\/\/www.moderne-kueche.com\/magazin\/nils-egtermeyer-ueber-kuechen-musthaves-und-ernaehrung\/","og_locale":"de_DE","og_type":"article","og_title":"Nils Egtermeyer \u00fcber K\u00fcchen-Must-have's und Ern\u00e4hrung | Moderne-K\u00fcche Magazin","og_description":"W\u00e4hrend eines kurzen Interviews verriet uns der Fernsehkoch Nils Egtermeyer seine pers\u00f6nlichen Musthave's in der K\u00fcche, die bei der Planung und im Alltag nicht fehlen d\u00fcrfen. Und weil er als Koch nat\u00fcrlich Experte f\u00fcr die Arbeit in einer K\u00fcche ist, verriet er uns im Anschluss, was es f\u00fcr ihn bedeutet auf bestimmte Lebensmittel zu verzichten und was er dann am liebsten zubereitet. Nachkochen erw\u00fcnscht!","og_url":"https:\/\/www.moderne-kueche.com\/magazin\/nils-egtermeyer-ueber-kuechen-musthaves-und-ernaehrung\/","og_site_name":"Moderne-K\u00fcche Magazin","article_published_time":"2015-04-20T13:07:31+00:00","article_modified_time":"2015-04-20T14:04:30+00:00","og_image":[{"width":1305,"height":622,"url":"https:\/\/www.moderne-kueche.com\/magazin\/wp-content\/uploads\/2015\/04\/interview-egtermeyer_fischgericht.jpg","type":"image\/jpeg"}],"author":"Annika","twitter_card":"summary_large_image","twitter_misc":{"Verfasst von":"Annika","Gesch\u00e4tzte Lesezeit":"3\u00a0Minuten"},"schema":{"@context":"https:\/\/schema.org","@graph":[{"@type":"Article","@id":"https:\/\/www.moderne-kueche.com\/magazin\/nils-egtermeyer-ueber-kuechen-musthaves-und-ernaehrung\/#article","isPartOf":{"@id":"https:\/\/www.moderne-kueche.com\/magazin\/nils-egtermeyer-ueber-kuechen-musthaves-und-ernaehrung\/"},"author":{"name":"Annika","@id":"https:\/\/www.moderne-kueche.com\/magazin\/#\/schema\/person\/6a5d09299400f99ac87f7a25b7bb78de"},"headline":"Nils Egtermeyer \u00fcber K\u00fcchen-Must-have&#8217;s und Ern\u00e4hrung","datePublished":"2015-04-20T13:07:31+00:00","dateModified":"2015-04-20T14:04:30+00:00","mainEntityOfPage":{"@id":"https:\/\/www.moderne-kueche.com\/magazin\/nils-egtermeyer-ueber-kuechen-musthaves-und-ernaehrung\/"},"wordCount":542,"commentCount":0,"image":{"@id":"https:\/\/www.moderne-kueche.com\/magazin\/nils-egtermeyer-ueber-kuechen-musthaves-und-ernaehrung\/#primaryimage"},"thumbnailUrl":"https:\/\/www.moderne-kueche.com\/magazin\/wp-content\/uploads\/2015\/04\/interview-egtermeyer_fischgericht.jpg","keywords":["Ern\u00e4hrung","featured","Fernsehkoch","Interview","K\u00fcchenplanung","Nils Egtermeyer","Profikoch","Veganismus"],"articleSection":["Ideen","Planung","Trends"],"inLanguage":"de","potentialAction":[{"@type":"CommentAction","name":"Comment","target":["https:\/\/www.moderne-kueche.com\/magazin\/nils-egtermeyer-ueber-kuechen-musthaves-und-ernaehrung\/#respond"]}]},{"@type":"WebPage","@id":"https:\/\/www.moderne-kueche.com\/magazin\/nils-egtermeyer-ueber-kuechen-musthaves-und-ernaehrung\/","url":"https:\/\/www.moderne-kueche.com\/magazin\/nils-egtermeyer-ueber-kuechen-musthaves-und-ernaehrung\/","name":"Nils Egtermeyer \u00fcber K\u00fcchen-Must-have's und Ern\u00e4hrung | Moderne-K\u00fcche Magazin","isPartOf":{"@id":"https:\/\/www.moderne-kueche.com\/magazin\/#website"},"primaryImageOfPage":{"@id":"https:\/\/www.moderne-kueche.com\/magazin\/nils-egtermeyer-ueber-kuechen-musthaves-und-ernaehrung\/#primaryimage"},"image":{"@id":"https:\/\/www.moderne-kueche.com\/magazin\/nils-egtermeyer-ueber-kuechen-musthaves-und-ernaehrung\/#primaryimage"},"thumbnailUrl":"https:\/\/www.moderne-kueche.com\/magazin\/wp-content\/uploads\/2015\/04\/interview-egtermeyer_fischgericht.jpg","datePublished":"2015-04-20T13:07:31+00:00","dateModified":"2015-04-20T14:04:30+00:00","author":{"@id":"https:\/\/www.moderne-kueche.com\/magazin\/#\/schema\/person\/6a5d09299400f99ac87f7a25b7bb78de"},"breadcrumb":{"@id":"https:\/\/www.moderne-kueche.com\/magazin\/nils-egtermeyer-ueber-kuechen-musthaves-und-ernaehrung\/#breadcrumb"},"inLanguage":"de","potentialAction":[{"@type":"ReadAction","target":["https:\/\/www.moderne-kueche.com\/magazin\/nils-egtermeyer-ueber-kuechen-musthaves-und-ernaehrung\/"]}]},{"@type":"ImageObject","inLanguage":"de","@id":"https:\/\/www.moderne-kueche.com\/magazin\/nils-egtermeyer-ueber-kuechen-musthaves-und-ernaehrung\/#primaryimage","url":"https:\/\/www.moderne-kueche.com\/magazin\/wp-content\/uploads\/2015\/04\/interview-egtermeyer_fischgericht.jpg","contentUrl":"https:\/\/www.moderne-kueche.com\/magazin\/wp-content\/uploads\/2015\/04\/interview-egtermeyer_fischgericht.jpg","width":1305,"height":622,"caption":"\u00a9 Natalia Klenova - Fotolia.com"},{"@type":"BreadcrumbList","@id":"https:\/\/www.moderne-kueche.com\/magazin\/nils-egtermeyer-ueber-kuechen-musthaves-und-ernaehrung\/#breadcrumb","itemListElement":[{"@type":"ListItem","position":1,"name":"Startseite","item":"https:\/\/www.moderne-kueche.com\/magazin\/"},{"@type":"ListItem","position":2,"name":"Nils Egtermeyer \u00fcber K\u00fcchen-Must-have&#8217;s und Ern\u00e4hrung"}]},{"@type":"WebSite","@id":"https:\/\/www.moderne-kueche.com\/magazin\/#website","url":"https:\/\/www.moderne-kueche.com\/magazin\/","name":"Moderne-K\u00fcche Magazin","description":"","potentialAction":[{"@type":"SearchAction","target":{"@type":"EntryPoint","urlTemplate":"https:\/\/www.moderne-kueche.com\/magazin\/?s={search_term_string}"},"query-input":{"@type":"PropertyValueSpecification","valueRequired":true,"valueName":"search_term_string"}}],"inLanguage":"de"},{"@type":"Person","@id":"https:\/\/www.moderne-kueche.com\/magazin\/#\/schema\/person\/6a5d09299400f99ac87f7a25b7bb78de","name":"Annika","description":"Redakteurin bei Moderne-Kueche.com - stolze Besitzerin einer IKEA-K\u00fcche. Sucht leidenschaftlich nach neuen, praktischen K\u00fcchenhelfern, Designhighlights und berichtet anhand eigener Erfahrungen."}]}},"_links":{"self":[{"href":"https:\/\/www.moderne-kueche.com\/magazin\/wp-json\/wp\/v2\/posts\/729","targetHints":{"allow":["GET"]}}],"collection":[{"href":"https:\/\/www.moderne-kueche.com\/magazin\/wp-json\/wp\/v2\/posts"}],"about":[{"href":"https:\/\/www.moderne-kueche.com\/magazin\/wp-json\/wp\/v2\/types\/post"}],"author":[{"embeddable":true,"href":"https:\/\/www.moderne-kueche.com\/magazin\/wp-json\/wp\/v2\/users\/4"}],"replies":[{"embeddable":true,"href":"https:\/\/www.moderne-kueche.com\/magazin\/wp-json\/wp\/v2\/comments?post=729"}],"version-history":[{"count":14,"href":"https:\/\/www.moderne-kueche.com\/magazin\/wp-json\/wp\/v2\/posts\/729\/revisions"}],"predecessor-version":[{"id":746,"href":"https:\/\/www.moderne-kueche.com\/magazin\/wp-json\/wp\/v2\/posts\/729\/revisions\/746"}],"wp:featuredmedia":[{"embeddable":true,"href":"https:\/\/www.moderne-kueche.com\/magazin\/wp-json\/wp\/v2\/media\/745"}],"wp:attachment":[{"href":"https:\/\/www.moderne-kueche.com\/magazin\/wp-json\/wp\/v2\/media?parent=729"}],"wp:term":[{"taxonomy":"category","embeddable":true,"href":"https:\/\/www.moderne-kueche.com\/magazin\/wp-json\/wp\/v2\/categories?post=729"},{"taxonomy":"post_tag","embeddable":true,"href":"https:\/\/www.moderne-kueche.com\/magazin\/wp-json\/wp\/v2\/tags?post=729"}],"curies":[{"name":"wp","href":"https:\/\/api.w.org\/{rel}","templated":true}]}}