{"id":751,"date":"2015-04-27T10:08:33","date_gmt":"2015-04-27T10:08:33","guid":{"rendered":"http:\/\/www.moderne-kueche.com\/magazin\/?p=751"},"modified":"2015-04-27T10:53:10","modified_gmt":"2015-04-27T10:53:10","slug":"mit-kindern-in-der-kueche","status":"publish","type":"post","link":"https:\/\/www.moderne-kueche.com\/magazin\/mit-kindern-in-der-kueche\/","title":{"rendered":"Mit Kindern in der K\u00fcche"},"content":{"rendered":"<p>Das <a href=\"http:\/\/www.moderne-kueche.com\/kueche\/familienkueche\">Familienleben mit Kindern<\/a> erfordert feste Regeln und eine klare Struktur. Die gemeinsame Zeit im hektischen Alltag ist knapp. Feste Rituale und Aktivit\u00e4ten mit der ganzen Familie sind daher besonders wichtig, um die Bindung und das Vertrauen zu st\u00e4rken und Erfolge zu feiern.<\/p>\n<p>Wie wichtig es daher ist, Kinder beispielsweise in der K\u00fcche zu integrieren, erkl\u00e4ren die Experten im entstandenen Ratgeber \u201eMit Kindern in der K\u00fcche\u201c.<br \/>\nIm Mittelpunkt des Ratgebers stehen nat\u00fcrlich die Kleinen. Es geht dabei um das geeignete Alter, um die ersten Erfahrungen zu sammeln, aber auch darum, wie man unerfahrenen Erwachsenen die Angst vor m\u00f6glichen Arbeitsunf\u00e4llen nehmen kann.<\/p>\n<div id=\"attachment_752\" style=\"width: 447px\" class=\"wp-caption alignleft\"><a href=\"http:\/\/www.moderne-kueche.com\/magazin\/wp-content\/uploads\/2015\/04\/\u00a9-cicisbeo-Fotolia.com_.jpg\"><img loading=\"lazy\" decoding=\"async\" aria-describedby=\"caption-attachment-752\" class=\" wp-image-752\" src=\"http:\/\/www.moderne-kueche.com\/magazin\/wp-content\/uploads\/2015\/04\/\u00a9-cicisbeo-Fotolia.com_.jpg\" alt=\"\u00a9 cicisbeo - fotolia.com\" width=\"437\" height=\"291\" srcset=\"https:\/\/www.moderne-kueche.com\/magazin\/wp-content\/uploads\/2015\/04\/\u00a9-cicisbeo-Fotolia.com_.jpg 424w, https:\/\/www.moderne-kueche.com\/magazin\/wp-content\/uploads\/2015\/04\/\u00a9-cicisbeo-Fotolia.com_-300x200.jpg 300w\" sizes=\"auto, (max-width: 437px) 100vw, 437px\" \/><\/a><p id=\"caption-attachment-752\" class=\"wp-caption-text\">\u00a9 cicisbeo &#8211; fotolia.com<\/p><\/div>\n<p>Die Profis geben ganz verschiedene Tipps und raten zu einer klar geregelten Struktur im K\u00fcchenalltag. Dabei geht es auch um geeignete K\u00fcchenutensilien, die sich f\u00fcr Kinder besonders gut eignen. Denn kleine Kinderh\u00e4nde ben\u00f6tigen oftmals auch kleiners Werkzeug, um die Aufgaben in der K\u00fcche meistern zu k\u00f6nnen.<br \/>\nEin weiteres Problem wird ebenfalls angesprochen: Was kann ich tun, um das Interesse und die Neugier meines Kindes f\u00fcr neue Lebensmittel zu wecken? Die K\u00fcchenprofis stehen allen interessierten Eltern mit Rat und Tat zur Seite, geben Einblicke in ihre Kindererziehung und ermutigen betroffene Eltern, ruhig zu bleiben und dem Sch\u00fctzling Vertrauen entgegen zu bringen.<\/p>\n<p>Die Ratgeber <a href=\"http:\/\/www.moderne-kueche.com\/kueche\/kochen-mit-kindern\">&#8222;Mit Kindern in der K\u00fcche&#8220;<\/a> steht allen Interessierten kostenlos zur Verf\u00fcgung. Er soll als hilfreiche \u00dcbersicht dienen und das Selbstbewusstsein der Eltern st\u00e4rken. Denn das gemeinsame Kochen ist mit ein paar Tipps ganz kinderleicht!<br \/>\nUm die Tricks der Experten direkt in die Praxis umsetzen zu k\u00f6nnen, haben uns die Profik\u00f6che und engagierten M\u00fctter ihre Top 3 \u2013 Kinderrezepte verraten. Nachkochen ist dringend erw\u00fcnscht! <a href=\"http:\/\/www.moderne-kueche.com\/magazin\/wp-content\/uploads\/2015\/04\/Ratgeber-Mit-Kindern-in-der-Kueche.pdf\" target=\"_blank\">Hier geht&#8217;s zum Download! <\/a><\/p>\n","protected":false},"excerpt":{"rendered":"<p>Das gemeinsame Kochen ist immer eine kleine Herausforderung. Alle Arbeitsabl\u00e4ufe m\u00fcssen strukturiert werden, denn jeder kocht eben ein bisschen anders.<br \/>\nSind Kinder mit in der K\u00fcche dabei, dann m\u00fcssen viele Dinge gleichzeitig beachtet werden. Um Eltern, Gro\u00dfeltern, Tagesm\u00fcttern und Erziehern eine kleine \u00dcbersicht zu verschaffen, ist mithilfe der Fernsehk\u00f6che Ole Plogstedt und Nils Egtermeyer, sowie der Besitzerin des Kindercaf\u00e9 Hamburg-Ottensen und der zweifachen Mutter Sabrina Sailer ein kostenloser Ratgeber entstanden.<\/p>\n","protected":false},"author":4,"featured_media":757,"comment_status":"open","ping_status":"open","sticky":false,"template":"","format":"standard","meta":{"footnotes":""},"categories":[3,6],"tags":[37,8,82,81,76,45,14],"class_list":["post-751","post","type-post","status-publish","format-standard","has-post-thumbnail","hentry","category-ideen","category-trends","tag-familienkueche","tag-featured","tag-kinderkueche","tag-kochen-mit-kindern","tag-nils-egtermeyer","tag-ole-plogstedt","tag-ratgeber"],"yoast_head":"<!-- This site is optimized with the Yoast SEO plugin v26.8 - https:\/\/yoast.com\/product\/yoast-seo-wordpress\/ -->\n<title>Mit Kindern in der K\u00fcche | Moderne-K\u00fcche Magazin<\/title>\n<meta name=\"robots\" content=\"index, follow, max-snippet:-1, max-image-preview:large, max-video-preview:-1\" \/>\n<link rel=\"canonical\" href=\"https:\/\/www.moderne-kueche.com\/magazin\/mit-kindern-in-der-kueche\/\" \/>\n<meta property=\"og:locale\" content=\"de_DE\" \/>\n<meta property=\"og:type\" content=\"article\" \/>\n<meta property=\"og:title\" content=\"Mit Kindern in der K\u00fcche | Moderne-K\u00fcche Magazin\" \/>\n<meta property=\"og:description\" content=\"Das gemeinsame Kochen ist immer eine kleine Herausforderung. Alle Arbeitsabl\u00e4ufe m\u00fcssen strukturiert werden, denn jeder kocht eben ein bisschen anders. Sind Kinder mit in der K\u00fcche dabei, dann m\u00fcssen viele Dinge gleichzeitig beachtet werden. Um Eltern, Gro\u00dfeltern, Tagesm\u00fcttern und Erziehern eine kleine \u00dcbersicht zu verschaffen, ist mithilfe der Fernsehk\u00f6che Ole Plogstedt und Nils Egtermeyer, sowie der Besitzerin des Kindercaf\u00e9 Hamburg-Ottensen und der zweifachen Mutter Sabrina Sailer ein kostenloser Ratgeber entstanden.\" \/>\n<meta property=\"og:url\" content=\"https:\/\/www.moderne-kueche.com\/magazin\/mit-kindern-in-der-kueche\/\" \/>\n<meta property=\"og:site_name\" content=\"Moderne-K\u00fcche Magazin\" \/>\n<meta property=\"article:published_time\" content=\"2015-04-27T10:08:33+00:00\" \/>\n<meta property=\"article:modified_time\" content=\"2015-04-27T10:53:10+00:00\" \/>\n<meta property=\"og:image\" content=\"https:\/\/www.moderne-kueche.com\/magazin\/wp-content\/uploads\/2015\/04\/\u00a9-famveldman-Fotolia.com_1.jpg\" \/>\n\t<meta property=\"og:image:width\" content=\"1200\" \/>\n\t<meta property=\"og:image:height\" content=\"800\" \/>\n\t<meta property=\"og:image:type\" content=\"image\/jpeg\" \/>\n<meta name=\"author\" content=\"Annika\" \/>\n<meta name=\"twitter:card\" content=\"summary_large_image\" \/>\n<meta name=\"twitter:label1\" content=\"Verfasst von\" \/>\n\t<meta name=\"twitter:data1\" content=\"Annika\" \/>\n\t<meta name=\"twitter:label2\" content=\"Gesch\u00e4tzte Lesezeit\" \/>\n\t<meta name=\"twitter:data2\" content=\"2\u00a0Minuten\" \/>\n<script type=\"application\/ld+json\" class=\"yoast-schema-graph\">{\"@context\":\"https:\/\/schema.org\",\"@graph\":[{\"@type\":\"Article\",\"@id\":\"https:\/\/www.moderne-kueche.com\/magazin\/mit-kindern-in-der-kueche\/#article\",\"isPartOf\":{\"@id\":\"https:\/\/www.moderne-kueche.com\/magazin\/mit-kindern-in-der-kueche\/\"},\"author\":{\"name\":\"Annika\",\"@id\":\"https:\/\/www.moderne-kueche.com\/magazin\/#\/schema\/person\/6a5d09299400f99ac87f7a25b7bb78de\"},\"headline\":\"Mit Kindern in der K\u00fcche\",\"datePublished\":\"2015-04-27T10:08:33+00:00\",\"dateModified\":\"2015-04-27T10:53:10+00:00\",\"mainEntityOfPage\":{\"@id\":\"https:\/\/www.moderne-kueche.com\/magazin\/mit-kindern-in-der-kueche\/\"},\"wordCount\":310,\"commentCount\":0,\"image\":{\"@id\":\"https:\/\/www.moderne-kueche.com\/magazin\/mit-kindern-in-der-kueche\/#primaryimage\"},\"thumbnailUrl\":\"https:\/\/www.moderne-kueche.com\/magazin\/wp-content\/uploads\/2015\/04\/\u00a9-famveldman-Fotolia.com_1.jpg\",\"keywords\":[\"Familienk\u00fcche\",\"featured\",\"Kinderk\u00fcche\",\"Kochen mit Kindern\",\"Nils Egtermeyer\",\"Ole Plogstedt\",\"Ratgeber\"],\"articleSection\":[\"Ideen\",\"Trends\"],\"inLanguage\":\"de\",\"potentialAction\":[{\"@type\":\"CommentAction\",\"name\":\"Comment\",\"target\":[\"https:\/\/www.moderne-kueche.com\/magazin\/mit-kindern-in-der-kueche\/#respond\"]}]},{\"@type\":\"WebPage\",\"@id\":\"https:\/\/www.moderne-kueche.com\/magazin\/mit-kindern-in-der-kueche\/\",\"url\":\"https:\/\/www.moderne-kueche.com\/magazin\/mit-kindern-in-der-kueche\/\",\"name\":\"Mit Kindern in der K\u00fcche | Moderne-K\u00fcche Magazin\",\"isPartOf\":{\"@id\":\"https:\/\/www.moderne-kueche.com\/magazin\/#website\"},\"primaryImageOfPage\":{\"@id\":\"https:\/\/www.moderne-kueche.com\/magazin\/mit-kindern-in-der-kueche\/#primaryimage\"},\"image\":{\"@id\":\"https:\/\/www.moderne-kueche.com\/magazin\/mit-kindern-in-der-kueche\/#primaryimage\"},\"thumbnailUrl\":\"https:\/\/www.moderne-kueche.com\/magazin\/wp-content\/uploads\/2015\/04\/\u00a9-famveldman-Fotolia.com_1.jpg\",\"datePublished\":\"2015-04-27T10:08:33+00:00\",\"dateModified\":\"2015-04-27T10:53:10+00:00\",\"author\":{\"@id\":\"https:\/\/www.moderne-kueche.com\/magazin\/#\/schema\/person\/6a5d09299400f99ac87f7a25b7bb78de\"},\"breadcrumb\":{\"@id\":\"https:\/\/www.moderne-kueche.com\/magazin\/mit-kindern-in-der-kueche\/#breadcrumb\"},\"inLanguage\":\"de\",\"potentialAction\":[{\"@type\":\"ReadAction\",\"target\":[\"https:\/\/www.moderne-kueche.com\/magazin\/mit-kindern-in-der-kueche\/\"]}]},{\"@type\":\"ImageObject\",\"inLanguage\":\"de\",\"@id\":\"https:\/\/www.moderne-kueche.com\/magazin\/mit-kindern-in-der-kueche\/#primaryimage\",\"url\":\"https:\/\/www.moderne-kueche.com\/magazin\/wp-content\/uploads\/2015\/04\/\u00a9-famveldman-Fotolia.com_1.jpg\",\"contentUrl\":\"https:\/\/www.moderne-kueche.com\/magazin\/wp-content\/uploads\/2015\/04\/\u00a9-famveldman-Fotolia.com_1.jpg\",\"width\":1200,\"height\":800,\"caption\":\"\u00a9 famveldman - Fotolia\"},{\"@type\":\"BreadcrumbList\",\"@id\":\"https:\/\/www.moderne-kueche.com\/magazin\/mit-kindern-in-der-kueche\/#breadcrumb\",\"itemListElement\":[{\"@type\":\"ListItem\",\"position\":1,\"name\":\"Startseite\",\"item\":\"https:\/\/www.moderne-kueche.com\/magazin\/\"},{\"@type\":\"ListItem\",\"position\":2,\"name\":\"Mit Kindern in der K\u00fcche\"}]},{\"@type\":\"WebSite\",\"@id\":\"https:\/\/www.moderne-kueche.com\/magazin\/#website\",\"url\":\"https:\/\/www.moderne-kueche.com\/magazin\/\",\"name\":\"Moderne-K\u00fcche Magazin\",\"description\":\"\",\"potentialAction\":[{\"@type\":\"SearchAction\",\"target\":{\"@type\":\"EntryPoint\",\"urlTemplate\":\"https:\/\/www.moderne-kueche.com\/magazin\/?s={search_term_string}\"},\"query-input\":{\"@type\":\"PropertyValueSpecification\",\"valueRequired\":true,\"valueName\":\"search_term_string\"}}],\"inLanguage\":\"de\"},{\"@type\":\"Person\",\"@id\":\"https:\/\/www.moderne-kueche.com\/magazin\/#\/schema\/person\/6a5d09299400f99ac87f7a25b7bb78de\",\"name\":\"Annika\",\"description\":\"Redakteurin bei Moderne-Kueche.com - stolze Besitzerin einer IKEA-K\u00fcche. Sucht leidenschaftlich nach neuen, praktischen K\u00fcchenhelfern, Designhighlights und berichtet anhand eigener Erfahrungen.\"}]}<\/script>\n<!-- \/ Yoast SEO plugin. -->","yoast_head_json":{"title":"Mit Kindern in der K\u00fcche | Moderne-K\u00fcche Magazin","robots":{"index":"index","follow":"follow","max-snippet":"max-snippet:-1","max-image-preview":"max-image-preview:large","max-video-preview":"max-video-preview:-1"},"canonical":"https:\/\/www.moderne-kueche.com\/magazin\/mit-kindern-in-der-kueche\/","og_locale":"de_DE","og_type":"article","og_title":"Mit Kindern in der K\u00fcche | Moderne-K\u00fcche Magazin","og_description":"Das gemeinsame Kochen ist immer eine kleine Herausforderung. Alle Arbeitsabl\u00e4ufe m\u00fcssen strukturiert werden, denn jeder kocht eben ein bisschen anders. Sind Kinder mit in der K\u00fcche dabei, dann m\u00fcssen viele Dinge gleichzeitig beachtet werden. Um Eltern, Gro\u00dfeltern, Tagesm\u00fcttern und Erziehern eine kleine \u00dcbersicht zu verschaffen, ist mithilfe der Fernsehk\u00f6che Ole Plogstedt und Nils Egtermeyer, sowie der Besitzerin des Kindercaf\u00e9 Hamburg-Ottensen und der zweifachen Mutter Sabrina Sailer ein kostenloser Ratgeber entstanden.","og_url":"https:\/\/www.moderne-kueche.com\/magazin\/mit-kindern-in-der-kueche\/","og_site_name":"Moderne-K\u00fcche Magazin","article_published_time":"2015-04-27T10:08:33+00:00","article_modified_time":"2015-04-27T10:53:10+00:00","og_image":[{"width":1200,"height":800,"url":"https:\/\/www.moderne-kueche.com\/magazin\/wp-content\/uploads\/2015\/04\/\u00a9-famveldman-Fotolia.com_1.jpg","type":"image\/jpeg"}],"author":"Annika","twitter_card":"summary_large_image","twitter_misc":{"Verfasst von":"Annika","Gesch\u00e4tzte Lesezeit":"2\u00a0Minuten"},"schema":{"@context":"https:\/\/schema.org","@graph":[{"@type":"Article","@id":"https:\/\/www.moderne-kueche.com\/magazin\/mit-kindern-in-der-kueche\/#article","isPartOf":{"@id":"https:\/\/www.moderne-kueche.com\/magazin\/mit-kindern-in-der-kueche\/"},"author":{"name":"Annika","@id":"https:\/\/www.moderne-kueche.com\/magazin\/#\/schema\/person\/6a5d09299400f99ac87f7a25b7bb78de"},"headline":"Mit Kindern in der K\u00fcche","datePublished":"2015-04-27T10:08:33+00:00","dateModified":"2015-04-27T10:53:10+00:00","mainEntityOfPage":{"@id":"https:\/\/www.moderne-kueche.com\/magazin\/mit-kindern-in-der-kueche\/"},"wordCount":310,"commentCount":0,"image":{"@id":"https:\/\/www.moderne-kueche.com\/magazin\/mit-kindern-in-der-kueche\/#primaryimage"},"thumbnailUrl":"https:\/\/www.moderne-kueche.com\/magazin\/wp-content\/uploads\/2015\/04\/\u00a9-famveldman-Fotolia.com_1.jpg","keywords":["Familienk\u00fcche","featured","Kinderk\u00fcche","Kochen mit Kindern","Nils Egtermeyer","Ole Plogstedt","Ratgeber"],"articleSection":["Ideen","Trends"],"inLanguage":"de","potentialAction":[{"@type":"CommentAction","name":"Comment","target":["https:\/\/www.moderne-kueche.com\/magazin\/mit-kindern-in-der-kueche\/#respond"]}]},{"@type":"WebPage","@id":"https:\/\/www.moderne-kueche.com\/magazin\/mit-kindern-in-der-kueche\/","url":"https:\/\/www.moderne-kueche.com\/magazin\/mit-kindern-in-der-kueche\/","name":"Mit Kindern in der K\u00fcche | Moderne-K\u00fcche Magazin","isPartOf":{"@id":"https:\/\/www.moderne-kueche.com\/magazin\/#website"},"primaryImageOfPage":{"@id":"https:\/\/www.moderne-kueche.com\/magazin\/mit-kindern-in-der-kueche\/#primaryimage"},"image":{"@id":"https:\/\/www.moderne-kueche.com\/magazin\/mit-kindern-in-der-kueche\/#primaryimage"},"thumbnailUrl":"https:\/\/www.moderne-kueche.com\/magazin\/wp-content\/uploads\/2015\/04\/\u00a9-famveldman-Fotolia.com_1.jpg","datePublished":"2015-04-27T10:08:33+00:00","dateModified":"2015-04-27T10:53:10+00:00","author":{"@id":"https:\/\/www.moderne-kueche.com\/magazin\/#\/schema\/person\/6a5d09299400f99ac87f7a25b7bb78de"},"breadcrumb":{"@id":"https:\/\/www.moderne-kueche.com\/magazin\/mit-kindern-in-der-kueche\/#breadcrumb"},"inLanguage":"de","potentialAction":[{"@type":"ReadAction","target":["https:\/\/www.moderne-kueche.com\/magazin\/mit-kindern-in-der-kueche\/"]}]},{"@type":"ImageObject","inLanguage":"de","@id":"https:\/\/www.moderne-kueche.com\/magazin\/mit-kindern-in-der-kueche\/#primaryimage","url":"https:\/\/www.moderne-kueche.com\/magazin\/wp-content\/uploads\/2015\/04\/\u00a9-famveldman-Fotolia.com_1.jpg","contentUrl":"https:\/\/www.moderne-kueche.com\/magazin\/wp-content\/uploads\/2015\/04\/\u00a9-famveldman-Fotolia.com_1.jpg","width":1200,"height":800,"caption":"\u00a9 famveldman - Fotolia"},{"@type":"BreadcrumbList","@id":"https:\/\/www.moderne-kueche.com\/magazin\/mit-kindern-in-der-kueche\/#breadcrumb","itemListElement":[{"@type":"ListItem","position":1,"name":"Startseite","item":"https:\/\/www.moderne-kueche.com\/magazin\/"},{"@type":"ListItem","position":2,"name":"Mit Kindern in der K\u00fcche"}]},{"@type":"WebSite","@id":"https:\/\/www.moderne-kueche.com\/magazin\/#website","url":"https:\/\/www.moderne-kueche.com\/magazin\/","name":"Moderne-K\u00fcche Magazin","description":"","potentialAction":[{"@type":"SearchAction","target":{"@type":"EntryPoint","urlTemplate":"https:\/\/www.moderne-kueche.com\/magazin\/?s={search_term_string}"},"query-input":{"@type":"PropertyValueSpecification","valueRequired":true,"valueName":"search_term_string"}}],"inLanguage":"de"},{"@type":"Person","@id":"https:\/\/www.moderne-kueche.com\/magazin\/#\/schema\/person\/6a5d09299400f99ac87f7a25b7bb78de","name":"Annika","description":"Redakteurin bei Moderne-Kueche.com - stolze Besitzerin einer IKEA-K\u00fcche. Sucht leidenschaftlich nach neuen, praktischen K\u00fcchenhelfern, Designhighlights und berichtet anhand eigener Erfahrungen."}]}},"_links":{"self":[{"href":"https:\/\/www.moderne-kueche.com\/magazin\/wp-json\/wp\/v2\/posts\/751","targetHints":{"allow":["GET"]}}],"collection":[{"href":"https:\/\/www.moderne-kueche.com\/magazin\/wp-json\/wp\/v2\/posts"}],"about":[{"href":"https:\/\/www.moderne-kueche.com\/magazin\/wp-json\/wp\/v2\/types\/post"}],"author":[{"embeddable":true,"href":"https:\/\/www.moderne-kueche.com\/magazin\/wp-json\/wp\/v2\/users\/4"}],"replies":[{"embeddable":true,"href":"https:\/\/www.moderne-kueche.com\/magazin\/wp-json\/wp\/v2\/comments?post=751"}],"version-history":[{"count":5,"href":"https:\/\/www.moderne-kueche.com\/magazin\/wp-json\/wp\/v2\/posts\/751\/revisions"}],"predecessor-version":[{"id":759,"href":"https:\/\/www.moderne-kueche.com\/magazin\/wp-json\/wp\/v2\/posts\/751\/revisions\/759"}],"wp:featuredmedia":[{"embeddable":true,"href":"https:\/\/www.moderne-kueche.com\/magazin\/wp-json\/wp\/v2\/media\/757"}],"wp:attachment":[{"href":"https:\/\/www.moderne-kueche.com\/magazin\/wp-json\/wp\/v2\/media?parent=751"}],"wp:term":[{"taxonomy":"category","embeddable":true,"href":"https:\/\/www.moderne-kueche.com\/magazin\/wp-json\/wp\/v2\/categories?post=751"},{"taxonomy":"post_tag","embeddable":true,"href":"https:\/\/www.moderne-kueche.com\/magazin\/wp-json\/wp\/v2\/tags?post=751"}],"curies":[{"name":"wp","href":"https:\/\/api.w.org\/{rel}","templated":true}]}}