{"id":827,"date":"2015-08-13T08:48:17","date_gmt":"2015-08-13T08:48:17","guid":{"rendered":"http:\/\/www.moderne-kueche.com\/magazin\/?p=827"},"modified":"2015-08-13T08:48:17","modified_gmt":"2015-08-13T08:48:17","slug":"6-todsuenden-in-der-modernen-kueche","status":"publish","type":"post","link":"https:\/\/www.moderne-kueche.com\/magazin\/6-todsuenden-in-der-modernen-kueche\/","title":{"rendered":"6 Tods\u00fcnden in der modernen K\u00fcche"},"content":{"rendered":"<h3>#1 Vergeudete Energie<\/h3>\n<p>Manchmal ist der etwas klapprige K\u00fchlschrank \u201enoch gut\u201c, der E-Herd zwar schon etwas angestaubt, aber voll funktionsf\u00e4hig. \u00c4ltere Elektroger\u00e4te werden weiter genutzt \u2013 nat\u00fcrlich! Das Dumme ist nur: <strong>Sie fressen auch richtig Strom.<\/strong> Und das passt so gar nicht in das Konzept der modernen K\u00fcche. Und es sind beileibe nicht die Gro\u00dfger\u00e4te, die sich hier bemerkbar machen. <strong>Wie alt sind denn eigentlich Toaster, Mikrowelle und Wasserkocher?<\/strong><\/p>\n<p><strong>L\u00f6sung:<\/strong> Langsam und stetig <a href=\"\/kuechengeraete\">\u00e4ltere K\u00fcchenger\u00e4te<\/a> austauschen. Vor allem, um den Stromverbrauch zu reduzieren. Was sich spontan auf die H\u00f6he der eigenen Stromrechnung auswirkt. Zum anderen: moderne K\u00fcche, moderne Elektronik. Allein im Bereich der <a href=\"\/kuechengeraete\/kochfeld\">Kochfelder<\/a> gibt es allerlei spannende Spielereien \u2013 nat\u00fcrlich nur bei den modernen Ger\u00e4ten.<\/p>\n<h3>#2 Krummer R\u00fccken<\/h3>\n<p><strong>Auf den Knien vor dem K\u00fcchenunterschrank herumrutschen<\/strong>, um im hinterletzten Eck diese eine Sch\u00fcssel zu finden? Gibt es in der modernen K\u00fcche nicht. Da wird n\u00e4mlich ergonomisch gearbeitet. Unter- und Oberschr\u00e4nke bringen Ausz\u00fcge mit \u2013 so kommt man bequem an jede kleine Sch\u00fcssel. Auch, wenn man die immer nur einmal im Jahr braucht. Backofen, Geschirrsp\u00fcler oder kleine K\u00fchlschr\u00e4nke? Ber\u00fchren hoffentlich nicht den Fu\u00dfboden. Denn alles, was mit hei\u00dfen oder schweren K\u00f6stlichkeiten beladen wird, sollte <strong>auf Arbeitsh\u00f6he<\/strong> sein. Sprich: Keinesfalls auf dem Fu\u00dfboden.<\/p>\n<p><a href=\"\/kueche\/kuechenplanung\/ergonomie\">Ergonomie<\/a> ist noch mehr: Lebensmittel, Pfannen, Arbeitspl\u00e4tze zum k\u00fchlen, sp\u00fclen oder braten sind <strong>an strategisch g\u00fcnstigen Stellen<\/strong>. Spart jede Menge Platz selbst in der kleinsten K\u00fcche, macht aber auch schlichtweg mehr Spa\u00df beim schnibbeln.<\/p>\n<p><strong>L\u00f6sung:<\/strong> Vorhandene Schr\u00e4nke lassen sich <strong>mit Ausz\u00fcgen nachr\u00fcsten<\/strong>. Eine <a href=\"\/kueche\/kuechenplanung\/arbeitsbereiche\">zonengerechte Aufteilung<\/a> der Pfannen, Arbeitsplatten und Lagerungsschr\u00e4nke l\u00e4sst sich oft einfach so \u00e4ndern. Fr\u00f6hliches Tetris am bestehenden K\u00fcchensystem!<\/p>\n<h3>#3 Design von Annodazumal<\/h3>\n<p>Klar, Sch\u00f6nheit liegt im Auge des Betrachters. Lieblose Standardk\u00fcchen m\u00fcssen aber nicht mehr sein. Selbst die kosteng\u00fcnstige K\u00fcche vom Baustoff-Discounter kann <strong>ziemlich schnell ziemlich schick<\/strong> werden. Wie? Mit beklebten Fronten, <a href=\"\/kueche\/renovieren\/fliesenspiegel\">erneuertem Fliesenspiegel<\/a>, flippiger Dekoration drumherum \u2026 Der M\u00f6glichkeiten gibt es viele. Und <strong>Farbe<\/strong> ist, neben klassisch-k\u00fchlem Schwarz-\/Wei\u00df\/Edelstahl ebenfalls eine gute Idee. Immer.<\/p>\n<p><strong>L\u00f6sung:<\/strong> Inspirieren lassen. Entspanntes googlen in Einrichtungsmagazinen, Bilddatenbanken \u2013 oder bei DIY-Seiten<\/p>\n<h3>#4 08\/15 Arbeitsh\u00f6hen<\/h3>\n<p>Die Menschen werden seit Jahrzehnten immer gr\u00f6\u00dfer. Kein Grund also, alle Arbeitsfl\u00e4chen gleich niedrig zu halten. Das hatten wir in #2 mit dem krummen R\u00fccken schon mal. Ist aber so wichtig, dass <strong>zu niedrige Arbeitsh\u00f6hen<\/strong> in der modernen K\u00fcche einen ganz eigenen Tods\u00fcndenpunkt bekommen.<\/p>\n<p>Moderne K\u00fcchen bringen n\u00e4mlich in der Regel h\u00f6henverstellbare F\u00fc\u00dfe mit. Oder werden gleich in unterschiedlichen Standardh\u00f6hen produziert. F\u00fcr 1,80m gro\u00dfe Personen wird als <a href=\"\/kueche\/kuechenplanung\/arbeitshoehe\">Standard-Arbeitsplattenh\u00f6he<\/a> \u00fcbrigens 1,06 Meter empfohlen. Ma\u00dfband raus: <strong>Wie hoch ist Ihre Arbeitsplatte?<\/strong> Und bitte auch beachten: Sp\u00fclbecken oder Ceranfeld d\u00fcrfen gern unterschiedliche H\u00f6hen mitbringen. Diese \u201eBr\u00fcche\u201c in modernen K\u00fcchen sind immer noch ungewohnt, aber <strong>richtig r\u00fcckenfreundlich<\/strong>.<\/p>\n<p><strong>L\u00f6sung:<\/strong> Kontrollieren, wie hoch die K\u00fcche eigentlich ist \u2013 und ob sich im K\u00fcchenuntergrund noch ein paar Zentimeter herausholen lassen. Falls Bedarf besteht. Ansonsten: K\u00fccheninseln und weitere Arbeitfl\u00e4chen \u201eaufstocken\u201c, wann immer es m\u00f6glich ist. Der R\u00fccken sagt dann freundlich \u201eDanke!\u201c.<\/p>\n<h3>#5 Dunkelkammer K\u00fcche<\/h3>\n<p>Ach, ein d\u00fcsteres Kapitel f\u00fcr die K\u00fcche ist das. Eine einzelne kleine Lampe am K\u00fcchenhimmel, vielleicht spendet ein Fenster Tageslicht. Vielleicht auch nicht. <strong>Fehlendes Lichtmanagement<\/strong> macht aus der schicken Designk\u00fcche jedenfalls schnell die Dunkelkammer des Hauses. Bequemes kochen? Ist bei permanenter Kunstbeleuchtung unwahrscheinlich.<\/p>\n<p><strong>L\u00f6sung:<\/strong> Unter den H\u00e4ngeschr\u00e4nken, in Schubl\u00e4den oder dunkleren Ecken lassen sich <strong>LED-Beleuchtungselemente nachr\u00fcsten<\/strong>. Und das schnell, bequem und g\u00fcnstig. Kein Koch muss in der finsteren K\u00fcche arbeiten!<\/p>\n<h3>#6 Eine Steckdose muss reichen!<\/h3>\n<p>Es gibt sie: Diese R\u00e4ume, in denen <strong>2 Steckdosen den kompletten Strombedarf<\/strong> abdecken sollen. In der modernen K\u00fcche geht die Rechnung daneben. Denn: K\u00fchlschrank, Kochfeld, Backofen, Mikrowelle, Kaffeemaschine, Toaster, Wasserkocher \u2026 Soll ich weiter machen?<\/p>\n<p>Wir sehen: <strong>Moderne K\u00fcche und modernes Stromnetz, das muss sein.<\/strong> Sauber verteilte Anschl\u00fcsse im Raum, um mehrere Ger\u00e4te mit hohem Stromverbrauch parallel zu nutzen. Denn: Der Geschirrsp\u00fcler l\u00e4uft w\u00e4hrend der Backofen den Nachtisch b\u00e4ckt und auf dem Herd das Abendessen k\u00f6chelt. Das Fleisch aber bitte separat, im externen Kontaktgrill. Und wenn dann noch wer den Dunstabzug benutzt oder eine Runde Teewasser braucht \u2013 das muss das Stromnetz aushalten!<\/p>\n<p><strong>L\u00f6sung:<\/strong> Bevor die schicke neue Wohnung bezogen wird: Vom Fachmann pr\u00fcfen lassen, wie das mit der Lastverteilung so ist. Letztlich hilft bei unzureichender Stromversorgung auf lange Sicht nur eins: K\u00fcche raus, Wand auf, zus\u00e4tzliche Leitungen rein. Ende.<\/p>\n","protected":false},"excerpt":{"rendered":"<p>Die moderne K\u00fcche ist vieles: schick, praktisch, \u00f6kologisch, individuell. Und m\u00f6glichst frei von ganz bestimmten Fehlern. Wenn wir so wollen: Tods\u00fcnden in der modernen K\u00fcche. Wir haben die 6 gr\u00f6\u00dften S\u00fcnden f\u00fcr die moderne K\u00fcche zusammengestellt. <\/p>\n","protected":false},"author":5,"featured_media":941,"comment_status":"open","ping_status":"open","sticky":false,"template":"","format":"standard","meta":{"footnotes":""},"categories":[1],"tags":[8,15,44],"class_list":["post-827","post","type-post","status-publish","format-standard","has-post-thumbnail","hentry","category-planung","tag-featured","tag-kueche","tag-modern"],"yoast_head":"<!-- This site is optimized with the Yoast SEO plugin v26.8 - https:\/\/yoast.com\/product\/yoast-seo-wordpress\/ -->\n<title>6 Tods\u00fcnden in der modernen K\u00fcche | Moderne-K\u00fcche Magazin<\/title>\n<meta name=\"robots\" content=\"index, follow, max-snippet:-1, max-image-preview:large, max-video-preview:-1\" \/>\n<link rel=\"canonical\" href=\"https:\/\/www.moderne-kueche.com\/magazin\/6-todsuenden-in-der-modernen-kueche\/\" \/>\n<meta property=\"og:locale\" content=\"de_DE\" \/>\n<meta property=\"og:type\" content=\"article\" \/>\n<meta property=\"og:title\" content=\"6 Tods\u00fcnden in der modernen K\u00fcche | Moderne-K\u00fcche Magazin\" \/>\n<meta property=\"og:description\" content=\"Die moderne K\u00fcche ist vieles: schick, praktisch, \u00f6kologisch, individuell. Und m\u00f6glichst frei von ganz bestimmten Fehlern. Wenn wir so wollen: Tods\u00fcnden in der modernen K\u00fcche. Wir haben die 6 gr\u00f6\u00dften S\u00fcnden f\u00fcr die moderne K\u00fcche zusammengestellt.\" \/>\n<meta property=\"og:url\" content=\"https:\/\/www.moderne-kueche.com\/magazin\/6-todsuenden-in-der-modernen-kueche\/\" \/>\n<meta property=\"og:site_name\" content=\"Moderne-K\u00fcche Magazin\" \/>\n<meta property=\"article:published_time\" content=\"2015-08-13T08:48:17+00:00\" \/>\n<meta property=\"og:image\" content=\"https:\/\/www.moderne-kueche.com\/magazin\/wp-content\/uploads\/2015\/08\/veraltete-kueche.jpg\" \/>\n\t<meta property=\"og:image:width\" content=\"1200\" \/>\n\t<meta property=\"og:image:height\" content=\"622\" \/>\n\t<meta property=\"og:image:type\" content=\"image\/jpeg\" \/>\n<meta name=\"author\" content=\"Sabrina\" \/>\n<meta name=\"twitter:card\" content=\"summary_large_image\" \/>\n<meta name=\"twitter:label1\" content=\"Verfasst von\" \/>\n\t<meta name=\"twitter:data1\" content=\"Sabrina\" \/>\n\t<meta name=\"twitter:label2\" content=\"Gesch\u00e4tzte Lesezeit\" \/>\n\t<meta name=\"twitter:data2\" content=\"4\u00a0Minuten\" \/>\n<script type=\"application\/ld+json\" class=\"yoast-schema-graph\">{\"@context\":\"https:\/\/schema.org\",\"@graph\":[{\"@type\":\"Article\",\"@id\":\"https:\/\/www.moderne-kueche.com\/magazin\/6-todsuenden-in-der-modernen-kueche\/#article\",\"isPartOf\":{\"@id\":\"https:\/\/www.moderne-kueche.com\/magazin\/6-todsuenden-in-der-modernen-kueche\/\"},\"author\":{\"name\":\"Sabrina\",\"@id\":\"https:\/\/www.moderne-kueche.com\/magazin\/#\/schema\/person\/43a8ba0d71356a5f38bee58ddd7f1b1a\"},\"headline\":\"6 Tods\u00fcnden in der modernen K\u00fcche\",\"datePublished\":\"2015-08-13T08:48:17+00:00\",\"mainEntityOfPage\":{\"@id\":\"https:\/\/www.moderne-kueche.com\/magazin\/6-todsuenden-in-der-modernen-kueche\/\"},\"wordCount\":794,\"commentCount\":0,\"image\":{\"@id\":\"https:\/\/www.moderne-kueche.com\/magazin\/6-todsuenden-in-der-modernen-kueche\/#primaryimage\"},\"thumbnailUrl\":\"https:\/\/www.moderne-kueche.com\/magazin\/wp-content\/uploads\/2015\/08\/veraltete-kueche.jpg\",\"keywords\":[\"featured\",\"K\u00fcche\",\"modern\"],\"articleSection\":[\"Planung\"],\"inLanguage\":\"de\",\"potentialAction\":[{\"@type\":\"CommentAction\",\"name\":\"Comment\",\"target\":[\"https:\/\/www.moderne-kueche.com\/magazin\/6-todsuenden-in-der-modernen-kueche\/#respond\"]}]},{\"@type\":\"WebPage\",\"@id\":\"https:\/\/www.moderne-kueche.com\/magazin\/6-todsuenden-in-der-modernen-kueche\/\",\"url\":\"https:\/\/www.moderne-kueche.com\/magazin\/6-todsuenden-in-der-modernen-kueche\/\",\"name\":\"6 Tods\u00fcnden in der modernen K\u00fcche | Moderne-K\u00fcche Magazin\",\"isPartOf\":{\"@id\":\"https:\/\/www.moderne-kueche.com\/magazin\/#website\"},\"primaryImageOfPage\":{\"@id\":\"https:\/\/www.moderne-kueche.com\/magazin\/6-todsuenden-in-der-modernen-kueche\/#primaryimage\"},\"image\":{\"@id\":\"https:\/\/www.moderne-kueche.com\/magazin\/6-todsuenden-in-der-modernen-kueche\/#primaryimage\"},\"thumbnailUrl\":\"https:\/\/www.moderne-kueche.com\/magazin\/wp-content\/uploads\/2015\/08\/veraltete-kueche.jpg\",\"datePublished\":\"2015-08-13T08:48:17+00:00\",\"author\":{\"@id\":\"https:\/\/www.moderne-kueche.com\/magazin\/#\/schema\/person\/43a8ba0d71356a5f38bee58ddd7f1b1a\"},\"breadcrumb\":{\"@id\":\"https:\/\/www.moderne-kueche.com\/magazin\/6-todsuenden-in-der-modernen-kueche\/#breadcrumb\"},\"inLanguage\":\"de\",\"potentialAction\":[{\"@type\":\"ReadAction\",\"target\":[\"https:\/\/www.moderne-kueche.com\/magazin\/6-todsuenden-in-der-modernen-kueche\/\"]}]},{\"@type\":\"ImageObject\",\"inLanguage\":\"de\",\"@id\":\"https:\/\/www.moderne-kueche.com\/magazin\/6-todsuenden-in-der-modernen-kueche\/#primaryimage\",\"url\":\"https:\/\/www.moderne-kueche.com\/magazin\/wp-content\/uploads\/2015\/08\/veraltete-kueche.jpg\",\"contentUrl\":\"https:\/\/www.moderne-kueche.com\/magazin\/wp-content\/uploads\/2015\/08\/veraltete-kueche.jpg\",\"width\":1200,\"height\":622,\"caption\":\"Der blanke K\u00fcchen-Albtraum: Ger\u00e4te aus Vorkriegszeiten. Schr\u00e4nke zum reinkriechen. Tun Ihre Augen auch schon weh? Und Ihr R\u00fccken? Wenn man doch nur mehr erkennen k\u00f6nnte bei dem Licht... Naja, Hauptsache der Fernseher hat Strom! | \u00a9 Dario Lo Presti - Fotolia.com\"},{\"@type\":\"BreadcrumbList\",\"@id\":\"https:\/\/www.moderne-kueche.com\/magazin\/6-todsuenden-in-der-modernen-kueche\/#breadcrumb\",\"itemListElement\":[{\"@type\":\"ListItem\",\"position\":1,\"name\":\"Startseite\",\"item\":\"https:\/\/www.moderne-kueche.com\/magazin\/\"},{\"@type\":\"ListItem\",\"position\":2,\"name\":\"6 Tods\u00fcnden in der modernen K\u00fcche\"}]},{\"@type\":\"WebSite\",\"@id\":\"https:\/\/www.moderne-kueche.com\/magazin\/#website\",\"url\":\"https:\/\/www.moderne-kueche.com\/magazin\/\",\"name\":\"Moderne-K\u00fcche Magazin\",\"description\":\"\",\"potentialAction\":[{\"@type\":\"SearchAction\",\"target\":{\"@type\":\"EntryPoint\",\"urlTemplate\":\"https:\/\/www.moderne-kueche.com\/magazin\/?s={search_term_string}\"},\"query-input\":{\"@type\":\"PropertyValueSpecification\",\"valueRequired\":true,\"valueName\":\"search_term_string\"}}],\"inLanguage\":\"de\"},{\"@type\":\"Person\",\"@id\":\"https:\/\/www.moderne-kueche.com\/magazin\/#\/schema\/person\/43a8ba0d71356a5f38bee58ddd7f1b1a\",\"name\":\"Sabrina\",\"description\":\"Freie Redakteurin bei moderne-k\u00fcche.com - Highend-K\u00fcchennutzer mit Hang zum Test von elektronischen Spielereien in der K\u00fcche. Kocht und backt in kreativen Denkpausen, zur Beruhigung, zur Aufmunterung, wenn der kleine Hunger kommt (also eigentlich immer!).\",\"sameAs\":[\"http:\/\/www.vereinbarkeitsblog.de\/\"]}]}<\/script>\n<!-- \/ Yoast SEO plugin. -->","yoast_head_json":{"title":"6 Tods\u00fcnden in der modernen K\u00fcche | Moderne-K\u00fcche Magazin","robots":{"index":"index","follow":"follow","max-snippet":"max-snippet:-1","max-image-preview":"max-image-preview:large","max-video-preview":"max-video-preview:-1"},"canonical":"https:\/\/www.moderne-kueche.com\/magazin\/6-todsuenden-in-der-modernen-kueche\/","og_locale":"de_DE","og_type":"article","og_title":"6 Tods\u00fcnden in der modernen K\u00fcche | Moderne-K\u00fcche Magazin","og_description":"Die moderne K\u00fcche ist vieles: schick, praktisch, \u00f6kologisch, individuell. Und m\u00f6glichst frei von ganz bestimmten Fehlern. Wenn wir so wollen: Tods\u00fcnden in der modernen K\u00fcche. Wir haben die 6 gr\u00f6\u00dften S\u00fcnden f\u00fcr die moderne K\u00fcche zusammengestellt.","og_url":"https:\/\/www.moderne-kueche.com\/magazin\/6-todsuenden-in-der-modernen-kueche\/","og_site_name":"Moderne-K\u00fcche Magazin","article_published_time":"2015-08-13T08:48:17+00:00","og_image":[{"width":1200,"height":622,"url":"https:\/\/www.moderne-kueche.com\/magazin\/wp-content\/uploads\/2015\/08\/veraltete-kueche.jpg","type":"image\/jpeg"}],"author":"Sabrina","twitter_card":"summary_large_image","twitter_misc":{"Verfasst von":"Sabrina","Gesch\u00e4tzte Lesezeit":"4\u00a0Minuten"},"schema":{"@context":"https:\/\/schema.org","@graph":[{"@type":"Article","@id":"https:\/\/www.moderne-kueche.com\/magazin\/6-todsuenden-in-der-modernen-kueche\/#article","isPartOf":{"@id":"https:\/\/www.moderne-kueche.com\/magazin\/6-todsuenden-in-der-modernen-kueche\/"},"author":{"name":"Sabrina","@id":"https:\/\/www.moderne-kueche.com\/magazin\/#\/schema\/person\/43a8ba0d71356a5f38bee58ddd7f1b1a"},"headline":"6 Tods\u00fcnden in der modernen K\u00fcche","datePublished":"2015-08-13T08:48:17+00:00","mainEntityOfPage":{"@id":"https:\/\/www.moderne-kueche.com\/magazin\/6-todsuenden-in-der-modernen-kueche\/"},"wordCount":794,"commentCount":0,"image":{"@id":"https:\/\/www.moderne-kueche.com\/magazin\/6-todsuenden-in-der-modernen-kueche\/#primaryimage"},"thumbnailUrl":"https:\/\/www.moderne-kueche.com\/magazin\/wp-content\/uploads\/2015\/08\/veraltete-kueche.jpg","keywords":["featured","K\u00fcche","modern"],"articleSection":["Planung"],"inLanguage":"de","potentialAction":[{"@type":"CommentAction","name":"Comment","target":["https:\/\/www.moderne-kueche.com\/magazin\/6-todsuenden-in-der-modernen-kueche\/#respond"]}]},{"@type":"WebPage","@id":"https:\/\/www.moderne-kueche.com\/magazin\/6-todsuenden-in-der-modernen-kueche\/","url":"https:\/\/www.moderne-kueche.com\/magazin\/6-todsuenden-in-der-modernen-kueche\/","name":"6 Tods\u00fcnden in der modernen K\u00fcche | Moderne-K\u00fcche Magazin","isPartOf":{"@id":"https:\/\/www.moderne-kueche.com\/magazin\/#website"},"primaryImageOfPage":{"@id":"https:\/\/www.moderne-kueche.com\/magazin\/6-todsuenden-in-der-modernen-kueche\/#primaryimage"},"image":{"@id":"https:\/\/www.moderne-kueche.com\/magazin\/6-todsuenden-in-der-modernen-kueche\/#primaryimage"},"thumbnailUrl":"https:\/\/www.moderne-kueche.com\/magazin\/wp-content\/uploads\/2015\/08\/veraltete-kueche.jpg","datePublished":"2015-08-13T08:48:17+00:00","author":{"@id":"https:\/\/www.moderne-kueche.com\/magazin\/#\/schema\/person\/43a8ba0d71356a5f38bee58ddd7f1b1a"},"breadcrumb":{"@id":"https:\/\/www.moderne-kueche.com\/magazin\/6-todsuenden-in-der-modernen-kueche\/#breadcrumb"},"inLanguage":"de","potentialAction":[{"@type":"ReadAction","target":["https:\/\/www.moderne-kueche.com\/magazin\/6-todsuenden-in-der-modernen-kueche\/"]}]},{"@type":"ImageObject","inLanguage":"de","@id":"https:\/\/www.moderne-kueche.com\/magazin\/6-todsuenden-in-der-modernen-kueche\/#primaryimage","url":"https:\/\/www.moderne-kueche.com\/magazin\/wp-content\/uploads\/2015\/08\/veraltete-kueche.jpg","contentUrl":"https:\/\/www.moderne-kueche.com\/magazin\/wp-content\/uploads\/2015\/08\/veraltete-kueche.jpg","width":1200,"height":622,"caption":"Der blanke K\u00fcchen-Albtraum: Ger\u00e4te aus Vorkriegszeiten. Schr\u00e4nke zum reinkriechen. Tun Ihre Augen auch schon weh? Und Ihr R\u00fccken? Wenn man doch nur mehr erkennen k\u00f6nnte bei dem Licht... Naja, Hauptsache der Fernseher hat Strom! | \u00a9 Dario Lo Presti - Fotolia.com"},{"@type":"BreadcrumbList","@id":"https:\/\/www.moderne-kueche.com\/magazin\/6-todsuenden-in-der-modernen-kueche\/#breadcrumb","itemListElement":[{"@type":"ListItem","position":1,"name":"Startseite","item":"https:\/\/www.moderne-kueche.com\/magazin\/"},{"@type":"ListItem","position":2,"name":"6 Tods\u00fcnden in der modernen K\u00fcche"}]},{"@type":"WebSite","@id":"https:\/\/www.moderne-kueche.com\/magazin\/#website","url":"https:\/\/www.moderne-kueche.com\/magazin\/","name":"Moderne-K\u00fcche Magazin","description":"","potentialAction":[{"@type":"SearchAction","target":{"@type":"EntryPoint","urlTemplate":"https:\/\/www.moderne-kueche.com\/magazin\/?s={search_term_string}"},"query-input":{"@type":"PropertyValueSpecification","valueRequired":true,"valueName":"search_term_string"}}],"inLanguage":"de"},{"@type":"Person","@id":"https:\/\/www.moderne-kueche.com\/magazin\/#\/schema\/person\/43a8ba0d71356a5f38bee58ddd7f1b1a","name":"Sabrina","description":"Freie Redakteurin bei moderne-k\u00fcche.com - Highend-K\u00fcchennutzer mit Hang zum Test von elektronischen Spielereien in der K\u00fcche. Kocht und backt in kreativen Denkpausen, zur Beruhigung, zur Aufmunterung, wenn der kleine Hunger kommt (also eigentlich immer!).","sameAs":["http:\/\/www.vereinbarkeitsblog.de\/"]}]}},"_links":{"self":[{"href":"https:\/\/www.moderne-kueche.com\/magazin\/wp-json\/wp\/v2\/posts\/827","targetHints":{"allow":["GET"]}}],"collection":[{"href":"https:\/\/www.moderne-kueche.com\/magazin\/wp-json\/wp\/v2\/posts"}],"about":[{"href":"https:\/\/www.moderne-kueche.com\/magazin\/wp-json\/wp\/v2\/types\/post"}],"author":[{"embeddable":true,"href":"https:\/\/www.moderne-kueche.com\/magazin\/wp-json\/wp\/v2\/users\/5"}],"replies":[{"embeddable":true,"href":"https:\/\/www.moderne-kueche.com\/magazin\/wp-json\/wp\/v2\/comments?post=827"}],"version-history":[{"count":5,"href":"https:\/\/www.moderne-kueche.com\/magazin\/wp-json\/wp\/v2\/posts\/827\/revisions"}],"predecessor-version":[{"id":939,"href":"https:\/\/www.moderne-kueche.com\/magazin\/wp-json\/wp\/v2\/posts\/827\/revisions\/939"}],"wp:featuredmedia":[{"embeddable":true,"href":"https:\/\/www.moderne-kueche.com\/magazin\/wp-json\/wp\/v2\/media\/941"}],"wp:attachment":[{"href":"https:\/\/www.moderne-kueche.com\/magazin\/wp-json\/wp\/v2\/media?parent=827"}],"wp:term":[{"taxonomy":"category","embeddable":true,"href":"https:\/\/www.moderne-kueche.com\/magazin\/wp-json\/wp\/v2\/categories?post=827"},{"taxonomy":"post_tag","embeddable":true,"href":"https:\/\/www.moderne-kueche.com\/magazin\/wp-json\/wp\/v2\/tags?post=827"}],"curies":[{"name":"wp","href":"https:\/\/api.w.org\/{rel}","templated":true}]}}